{"id":105755,"date":"2019-09-09T18:30:50","date_gmt":"2019-09-09T16:30:50","guid":{"rendered":"https:\/\/zjarr.tv\/?p=105755"},"modified":"2019-09-09T15:50:26","modified_gmt":"2019-09-09T13:50:26","slug":"publikohen-pas-40-vitesh-foto-ku-arkani-dhe-banda-e-tij-grabisin-banken-ne-suedi","status":"publish","type":"post","link":"https:\/\/zjarr.tv\/sq\/publikohen-pas-40-vitesh-foto-ku-arkani-dhe-banda-e-tij-grabisin-banken-ne-suedi\/","title":{"rendered":"Publikohen pas 40 vitesh, foto ku Arkani dhe banda e tij grabisin bank\u00ebn n\u00eb Suedi"},"content":{"rendered":"<p>Fotografi \u00a0t\u00eb marra nga pamjet e siguris\u00eb s\u00eb bank\u00ebs e cila u grabit n\u00eb vitin 1979 nga Zeljko Raznatovic i njohur si Arkani, kan\u00eb rrjedhur nga arkivat e policis\u00eb suedeze, 40 vjet pas ngjarjes.<\/p>\n<p>Fotot jan\u00eb publikuar nga portali Antena M dhe sipas Interpolit, banda e Arkanit kreu dy grabitje t\u00eb nj\u00ebpasnj\u00ebshme n\u00eb Suedi (Stokholm dhe Gothenburg) n\u00eb at\u00eb koh\u00eb dhe m\u00eb pas u arratis p\u00ebr n\u00eb Holand\u00eb. Ata u arrestuan atje n\u00eb tetor t\u00eb po k\u00ebtij viti.<\/p>\n<p>Policia suedeze deklaroi se p\u00ebrve\u00e7 Arkanit, n\u00eb band\u00eb p\u00ebrfshiheshin Karlo Fabijani dhe Slobodan Kole Kostovski.<\/p>\n<p>P\u00ebr Karlo Fabianin deklarojn\u00eb se ai n\u00eb t\u00eb v\u00ebrtet\u00eb ishte Giovanni Di Stefano i cili n\u00eb fillim t\u00eb viteve 1990 u shfaq \u00a0n\u00eb shoq\u00ebrin\u00eb e Arkanit n\u00eb Beograd si nj\u00eb biznesmen me reputacion t\u00eb dyshimt\u00eb, gjasm\u00eb pronar i studios &#8220;Metro Goldvin Mayer&#8221; dhe Radios popullore &#8220;Penguin&#8221;.<\/p>\n<p>Nd\u00ebrsa 66-vje\u00e7ari Kostovski, i lindur n\u00eb Novi Pazar (Serbi), ka vazhduar karrier\u00ebn e tij t\u00eb trazuar kriminale.<\/p>\n<p>Sipas mediave holandeze, vitin e kaluar ai u arratis nga burgu i Brazilit nd\u00ebrsa merrte trajtim mjek\u00ebsor.<\/p>\n<p>Ai u d\u00ebnua me 19 vjet atje p\u00ebr trafikim t\u00eb kokain\u00ebs, dhe Interpol l\u00ebshoi nj\u00eb urdh\u00ebr arrestimi t\u00eb &#8220;kuq&#8221; p\u00ebr t\u00eb.<\/p>\n<p>Arkani u vra n\u00eb vitin 2000, p\u00ebrpara se t\u00eb p\u00ebrballej me gjykat\u00ebn e OKB p\u00ebr krime lufte n\u00eb lidhje me gjenocidin ndaj mij\u00ebra kroat\u00ebve dhe boshnjak\u00ebve n\u00eb fillim t\u00eb viteve \u201990.<\/p>\n<p>Ai njihej p\u00ebr karrier\u00ebn e tij si kreu i nj\u00eb grupi t\u00eb krimit t\u00eb organizuar, q\u00eb kishte kryer grabitje n\u00eb Suedi, Belgjik\u00eb, Holand\u00eb dhe Gjermani. Pavar\u00ebsisht lidhjeve me vrasjet dhe krimin e organizuar, familja e tij ka shijuar nj\u00eb stil luksoz jetese.<\/p>\n<p><img decoding=\"async\" class=\"fr-fic fr-dib\" src=\"http:\/\/www.oranews.tv\/storage\/app\/media\/home\/ora\/public_html\/storage\/app\/media\/2019\/09\/09\/1977295_arrrrra_ff.jpg\" data-result=\"success\" \/><\/p>\n<p><img decoding=\"async\" class=\"fr-fic fr-dib\" src=\"http:\/\/www.oranews.tv\/storage\/app\/media\/home\/ora\/public_html\/storage\/app\/media\/2019\/09\/09\/1977303_arrara_ff.jpg\" data-result=\"success\" \/><\/p>\n","protected":false},"excerpt":{"rendered":"<p>Fotografi \u00a0t\u00eb marra nga pamjet e siguris\u00eb s\u00eb bank\u00ebs e cila u grabit n\u00eb vitin 1979 nga Zeljko Raznatovic i njohur si Arkani, kan\u00eb rrjedhur nga arkivat e policis\u00eb suedeze, 40 vjet pas ngjarjes. Fotot jan\u00eb publikuar nga portali Antena M dhe sipas Interpolit, banda e Arkanit kreu dy grabitje t\u00eb nj\u00ebpasnj\u00ebshme n\u00eb Suedi (Stokholm [&hellip;]<\/p>\n","protected":false},"author":2013,"featured_media":105758,"comment_status":"open","ping_status":"closed","sticky":false,"template":"","format":"standard","meta":{"footnotes":""},"categories":[241,2],"tags":[],"class_list":{"0":"post-105755","1":"post","2":"type-post","3":"status-publish","4":"format-standard","5":"has-post-thumbnail","7":"category-aktualitet","8":"category-rajoni"},"_links":{"self":[{"href":"https:\/\/zjarr.tv\/sq\/wp-json\/wp\/v2\/posts\/105755","targetHints":{"allow":["GET"]}}],"collection":[{"href":"https:\/\/zjarr.tv\/sq\/wp-json\/wp\/v2\/posts"}],"about":[{"href":"https:\/\/zjarr.tv\/sq\/wp-json\/wp\/v2\/types\/post"}],"author":[{"embeddable":true,"href":"https:\/\/zjarr.tv\/sq\/wp-json\/wp\/v2\/users\/2013"}],"replies":[{"embeddable":true,"href":"https:\/\/zjarr.tv\/sq\/wp-json\/wp\/v2\/comments?post=105755"}],"version-history":[{"count":0,"href":"https:\/\/zjarr.tv\/sq\/wp-json\/wp\/v2\/posts\/105755\/revisions"}],"wp:featuredmedia":[{"embeddable":true,"href":"https:\/\/zjarr.tv\/sq\/wp-json\/wp\/v2\/media\/105758"}],"wp:attachment":[{"href":"https:\/\/zjarr.tv\/sq\/wp-json\/wp\/v2\/media?parent=105755"}],"wp:term":[{"taxonomy":"category","embeddable":true,"href":"https:\/\/zjarr.tv\/sq\/wp-json\/wp\/v2\/categories?post=105755"},{"taxonomy":"post_tag","embeddable":true,"href":"https:\/\/zjarr.tv\/sq\/wp-json\/wp\/v2\/tags?post=105755"}],"curies":[{"name":"wp","href":"https:\/\/api.w.org\/{rel}","templated":true}]}}