{"id":105760,"date":"2019-09-09T18:40:49","date_gmt":"2019-09-09T16:40:49","guid":{"rendered":"https:\/\/zjarr.tv\/?p=105760"},"modified":"2019-09-09T15:51:22","modified_gmt":"2019-09-09T13:51:22","slug":"mbi-1000-pjesemarres-ne-paraden-e-pare-te-krenarise-ne-sarajeve","status":"publish","type":"post","link":"https:\/\/zjarr.tv\/sq\/mbi-1000-pjesemarres-ne-paraden-e-pare-te-krenarise-ne-sarajeve\/","title":{"rendered":"Mbi 1000 pjes\u00ebmarr\u00ebs n\u00eb Parad\u00ebn e par\u00eb t\u00eb Krenaris\u00eb n\u00eb Sarajev\u00eb"},"content":{"rendered":"<p>Qindra aktivist\u00eb t\u00eb komunitetit LGBT dhe mb\u00ebshtet\u00ebs t\u00eb tyre, kan\u00eb marshuar n\u00eb qytetin e Sarajev\u00ebs, n\u00eb Parad\u00ebn e par\u00eb t\u00eb Krenaris\u00eb s\u00eb k\u00ebtij komuniteti, q\u00eb u mbik\u00ebqyr nga forca t\u00eb shtuara t\u00eb siguris\u00eb pas k\u00ebrc\u00ebnimeve p\u00ebr dhun\u00eb dhe kund\u00ebr-demonstrata.<\/p>\n<p>Shum\u00eb pjes\u00ebmarr\u00ebs kishin veshur bluza me ngjyr\u00eb ylberi, q\u00eb simbolizon ngjyrat e k\u00ebtij komuniteti, n\u00ebn p\u00ebrcjellje t\u00eb muzik\u00ebs. T\u00eb tjer\u00eb mbanin n\u00eb duar pankarta me mbishkrime \u201cT\u00eb bashkuar rreth dallimeve\u201d dhe kan\u00eb b\u00ebr\u00eb thirrje si \u201cVdekje fashizmit, liri popullit\u201d.<\/p>\n<p>Ky marsh ishte i pari n\u00eb kryeqytetin e Bosnje e Hercegovin\u00ebs, vend ky mjaft konservativ dhe i vetmi shtet q\u00eb nuk ka organizuar kurr\u00eb nj\u00eb parad\u00eb t\u00eb krenaris\u00eb. N\u00eb Sarajev\u00eb, m\u00eb 2014, nj\u00eb festival i filmit q\u00eb shfaqte komunitetin LGBT ishte penguar nga kund\u00ebrshtar\u00ebt e t\u00eb drejtave t\u00eb tyre.<\/p>\n<p>&#8220;Parada \u00ebsht\u00eb e r\u00ebnd\u00ebsishme p\u00ebr shkak se nj\u00eb dit\u00eb un\u00eb dhe partneri im mund t\u00eb martohemi ashtu sikur na njihet martesa n\u00eb Kroaci\u201d, tha Sasa Gavric, ish drejtor i nj\u00eb organizate p\u00ebr t\u00eb drejtat e njeriut n\u00eb Sarajev\u00eb.<\/p>\n<p>Mediat lokale kan\u00eb raportuar se m\u00eb shum\u00eb se 1,000 pjes\u00ebmarr\u00ebs i jan\u00eb bashkuar marshit.<\/p>\n<p>Zyra e P\u00ebrfaq\u00ebsuesit t\u00eb Lart\u00eb n\u00eb Sarajev\u00eb, institucion nd\u00ebrkomb\u00ebtar q\u00eb garanton marr\u00ebveshjen p\u00ebr paqe t\u00eb vitit 1995, kishte k\u00ebrkuar nga autoritetet q\u00eb t\u00eb sigurojn\u00eb se \u201ddo t\u00eb nd\u00ebrmerren t\u00eb gjitha masat e nevojshme p\u00ebr t\u00eb lejuar q\u00eb ky aktivitet t\u00eb zhvillohet i qet\u00eb, pa pengesa dhe pa frik\u00eb ndaj dhun\u00ebs\u201d.<\/p>\n","protected":false},"excerpt":{"rendered":"<p>Qindra aktivist\u00eb t\u00eb komunitetit LGBT dhe mb\u00ebshtet\u00ebs t\u00eb tyre, kan\u00eb marshuar n\u00eb qytetin e Sarajev\u00ebs, n\u00eb Parad\u00ebn e par\u00eb t\u00eb Krenaris\u00eb s\u00eb k\u00ebtij komuniteti, q\u00eb u mbik\u00ebqyr nga forca t\u00eb shtuara t\u00eb siguris\u00eb pas k\u00ebrc\u00ebnimeve p\u00ebr dhun\u00eb dhe kund\u00ebr-demonstrata. Shum\u00eb pjes\u00ebmarr\u00ebs kishin veshur bluza me ngjyr\u00eb ylberi, q\u00eb simbolizon ngjyrat e k\u00ebtij komuniteti, n\u00ebn p\u00ebrcjellje [&hellip;]<\/p>\n","protected":false},"author":2013,"featured_media":105761,"comment_status":"open","ping_status":"closed","sticky":false,"template":"","format":"standard","meta":{"footnotes":""},"categories":[241,2],"tags":[],"class_list":{"0":"post-105760","1":"post","2":"type-post","3":"status-publish","4":"format-standard","5":"has-post-thumbnail","7":"category-aktualitet","8":"category-rajoni"},"_links":{"self":[{"href":"https:\/\/zjarr.tv\/sq\/wp-json\/wp\/v2\/posts\/105760","targetHints":{"allow":["GET"]}}],"collection":[{"href":"https:\/\/zjarr.tv\/sq\/wp-json\/wp\/v2\/posts"}],"about":[{"href":"https:\/\/zjarr.tv\/sq\/wp-json\/wp\/v2\/types\/post"}],"author":[{"embeddable":true,"href":"https:\/\/zjarr.tv\/sq\/wp-json\/wp\/v2\/users\/2013"}],"replies":[{"embeddable":true,"href":"https:\/\/zjarr.tv\/sq\/wp-json\/wp\/v2\/comments?post=105760"}],"version-history":[{"count":0,"href":"https:\/\/zjarr.tv\/sq\/wp-json\/wp\/v2\/posts\/105760\/revisions"}],"wp:featuredmedia":[{"embeddable":true,"href":"https:\/\/zjarr.tv\/sq\/wp-json\/wp\/v2\/media\/105761"}],"wp:attachment":[{"href":"https:\/\/zjarr.tv\/sq\/wp-json\/wp\/v2\/media?parent=105760"}],"wp:term":[{"taxonomy":"category","embeddable":true,"href":"https:\/\/zjarr.tv\/sq\/wp-json\/wp\/v2\/categories?post=105760"},{"taxonomy":"post_tag","embeddable":true,"href":"https:\/\/zjarr.tv\/sq\/wp-json\/wp\/v2\/tags?post=105760"}],"curies":[{"name":"wp","href":"https:\/\/api.w.org\/{rel}","templated":true}]}}