{"id":105763,"date":"2019-09-09T18:51:32","date_gmt":"2019-09-09T16:51:32","guid":{"rendered":"https:\/\/zjarr.tv\/?p=105763"},"modified":"2019-09-09T15:52:07","modified_gmt":"2019-09-09T13:52:07","slug":"zgjidhja-sipas-gjermanise-bernabic-dialog-me-ekzekutivin-e-ri-te-kosoves","status":"publish","type":"post","link":"https:\/\/zjarr.tv\/sq\/zgjidhja-sipas-gjermanise-bernabic-dialog-me-ekzekutivin-e-ri-te-kosoves\/","title":{"rendered":"Zgjidhja sipas Gjermanis\u00eb, B\u00ebrnabi\u00e7: Dialog me ekzekutivin e ri t\u00eb Kosov\u00ebs"},"content":{"rendered":"<p><em>Kosova dhe Serbia mund t\u00eb bashk\u00ebjetojn\u00eb por edhe ta njohin shtet\u00ebsin\u00eb e nj\u00ebra-tjetr\u00ebs nj\u00ebsoj si dy Gjermanit\u00eb e ndara vepruan n\u00eb vitin 1990. I d\u00ebrguari i kancelares gjermane, Angela Merkel, thekson se zgjidhja nuk \u00ebsht\u00eb shk\u00ebmbimi i territoreve. Kryeministrja e Serbis\u00eb thot\u00eb se dialogu mund t\u00eb rinis\u00eb pasi t\u00eb caktohet ekzekutivi i ri m\u00eb 6 tetor n\u00eb Kosov\u00eb.<\/em><\/p>\n<p>Berlini propozon q\u00eb mosmarr\u00ebveshjet mes Kosov\u00ebs dhe Serbis\u00eb t\u00eb zgjidhen duke marr\u00eb p\u00ebr shembull bashk\u00ebjetes\u00ebn e dy Gjermanive deri 3 dekada m\u00eb par\u00eb.<\/p>\n<p>Deputeti gjerman, Pet\u00ebr Bej\u00ebr, raportohet t&#8217;ia ket\u00eb shpalosur iden\u00eb shtetar\u00ebve t\u00eb Prishtin\u00ebs dhe Beogradit.<\/p>\n<p>I d\u00ebrguari special i kancelares, Angela Merk\u00ebl, n\u00eb vizitat q\u00eb mbajti jav\u00ebn e kaluar me kryeministrin n\u00eb largim, Ramush Haradinaj, dhe presidentin serb, Aleksand\u00ebr Vu\u00e7i\u00e7, k\u00ebmb\u00ebnguli n\u00eb njohjen e nd\u00ebrsjell\u00eb t\u00eb dy shteteve.<\/p>\n<p><em>&#8220;Ne e dim\u00eb q\u00eb nj\u00eb gj\u00eb e till\u00eb \u00ebsht\u00eb thuajse e pamundur p\u00ebr shkak t\u00eb Kushtetut\u00ebs,&#8221; citohet Bej\u00ebr nga mediet beogradase. &#8220;Por ekziston edhe koncepti i bashk\u00ebjetes\u00ebs si ai i dy Gjermanive, t\u00eb cilat gjithashtu nuk e njihnin nj\u00ebra-tjetr\u00ebn p\u00ebrpara ribashkimit. Kjo lloj bashk\u00ebjetese do t\u00eb ishte e mundur edhe nd\u00ebrmjet Kosov\u00ebs dhe Serbis\u00eb, ndon\u00ebse ribashkimi dhe shk\u00ebmbimi i territoreve nuk jan\u00eb n\u00eb d\u00ebshir\u00ebn ton\u00eb,&#8221; p\u00ebrs\u00ebriti deputeti gjerman.<\/em><\/p>\n<p>\u00c7\u00ebshtja e dialogut Kosov\u00eb-Serbi u komentua t\u00eb h\u00ebn\u00ebn edhe nga kryeministri i Luksemburgut p\u00ebrkrah homologes s\u00eb tij serbe, Ana B\u00ebrnabi\u00e7.<\/p>\n<p>N\u00eb nj\u00eb konferenc\u00eb p\u00ebr shtyp, Ksavier Betel deklaroi se akordi dypal\u00ebsh do t\u00eb ishte n\u00eb interesin e qytetar\u00ebve, si edhe paqes e stabilitetit t\u00eb rajonit.<\/p>\n<p>Nd\u00ebrsa kryeqeveritarja e Serbis\u00eb, B\u00ebrnabi\u00e7, n\u00eb fjal\u00ebn e saj u zotua p\u00ebr rifillimin e dialogut me ekzekutivin e ri kosovar q\u00eb do t\u00eb dal\u00eb nga zgjedhjet e 6 tetorit, n\u00ebse paraprakisht u gjendet zgjidhja pengesave aktuale, si\u00e7 jan\u00eb tarifat doganore kund\u00ebr produkteve serbe.<\/p>\n","protected":false},"excerpt":{"rendered":"<p>Kosova dhe Serbia mund t\u00eb bashk\u00ebjetojn\u00eb por edhe ta njohin shtet\u00ebsin\u00eb e nj\u00ebra-tjetr\u00ebs nj\u00ebsoj si dy Gjermanit\u00eb e ndara vepruan n\u00eb vitin 1990. I d\u00ebrguari i kancelares gjermane, Angela Merkel, thekson se zgjidhja nuk \u00ebsht\u00eb shk\u00ebmbimi i territoreve. Kryeministrja e Serbis\u00eb thot\u00eb se dialogu mund t\u00eb rinis\u00eb pasi t\u00eb caktohet ekzekutivi i ri m\u00eb 6 [&hellip;]<\/p>\n","protected":false},"author":2013,"featured_media":59236,"comment_status":"open","ping_status":"closed","sticky":false,"template":"","format":"standard","meta":{"footnotes":""},"categories":[241,2],"tags":[],"class_list":{"0":"post-105763","1":"post","2":"type-post","3":"status-publish","4":"format-standard","5":"has-post-thumbnail","7":"category-aktualitet","8":"category-rajoni"},"_links":{"self":[{"href":"https:\/\/zjarr.tv\/sq\/wp-json\/wp\/v2\/posts\/105763","targetHints":{"allow":["GET"]}}],"collection":[{"href":"https:\/\/zjarr.tv\/sq\/wp-json\/wp\/v2\/posts"}],"about":[{"href":"https:\/\/zjarr.tv\/sq\/wp-json\/wp\/v2\/types\/post"}],"author":[{"embeddable":true,"href":"https:\/\/zjarr.tv\/sq\/wp-json\/wp\/v2\/users\/2013"}],"replies":[{"embeddable":true,"href":"https:\/\/zjarr.tv\/sq\/wp-json\/wp\/v2\/comments?post=105763"}],"version-history":[{"count":0,"href":"https:\/\/zjarr.tv\/sq\/wp-json\/wp\/v2\/posts\/105763\/revisions"}],"wp:featuredmedia":[{"embeddable":true,"href":"https:\/\/zjarr.tv\/sq\/wp-json\/wp\/v2\/media\/59236"}],"wp:attachment":[{"href":"https:\/\/zjarr.tv\/sq\/wp-json\/wp\/v2\/media?parent=105763"}],"wp:term":[{"taxonomy":"category","embeddable":true,"href":"https:\/\/zjarr.tv\/sq\/wp-json\/wp\/v2\/categories?post=105763"},{"taxonomy":"post_tag","embeddable":true,"href":"https:\/\/zjarr.tv\/sq\/wp-json\/wp\/v2\/tags?post=105763"}],"curies":[{"name":"wp","href":"https:\/\/api.w.org\/{rel}","templated":true}]}}