{"id":105773,"date":"2019-09-09T19:30:31","date_gmt":"2019-09-09T17:30:31","guid":{"rendered":"https:\/\/zjarr.tv\/?p=105773"},"modified":"2019-09-09T15:57:10","modified_gmt":"2019-09-09T13:57:10","slug":"hysaj-gradohet-kapiten-vijme-me-qejf-ne-kombetare-boll-sulmeve-nga-pas-kompjuterit","status":"publish","type":"post","link":"https:\/\/zjarr.tv\/sq\/hysaj-gradohet-kapiten-vijme-me-qejf-ne-kombetare-boll-sulmeve-nga-pas-kompjuterit\/","title":{"rendered":"Hysaj gradohet kapiten: Vijm\u00eb me qejf n\u00eb komb\u00ebtare, boll sulmeve nga pas kompjuterit"},"content":{"rendered":"<p>Elseid Hysaj do t\u00eb jet\u00eb kapiteni i komb\u00ebtares shqiptare n\u00eb takimin mes Shqip\u00ebris\u00eb dhe Island\u00ebs, programuar p\u00ebr tu luajtur nes\u00ebr n\u00eb &#8220;Elbasan Arena&#8221;.<\/p>\n<p>Vendimi i trajnerit, Edi Reja p\u00ebr t\u00eb l\u00ebn\u00eb n\u00eb stol M\u00ebrgim Mavraj gradoi shkodranin si kapiten.<\/p>\n<p>Mbrojt\u00ebsi i Napolit doli n\u00eb konferenc\u00ebn p\u00ebr shtyp p\u00ebrpara takimit ndaj Island\u00ebs, teksa u shpreh se djemt\u00eb jan\u00eb t\u00eb p\u00ebrgatitur p\u00ebr t\u00eb luajtur k\u00ebt\u00eb 90 minut\u00ebsh. Nd\u00ebrkoh\u00eb, k\u00ebrkoi se \u00e7dokush gabon, por u shpreh se nuk \u00ebsht\u00eb dakord me ato sulme q\u00eb vijn\u00eb nga pas kompjuterit.<\/p>\n<p><em>\u201cT\u00eb gjith\u00eb \u00e7unat vijn\u00eb k\u00ebtu me qejf, p\u00ebr t\u00eb luajtur me fanell\u00ebn e Shqip\u00ebris\u00eb dhe p\u00ebr t\u00eb dh\u00ebn\u00eb m\u00eb t\u00eb mir\u00ebn. Ndeshjet zgjatin 90 minuta dhe \u00e7dokush gabon minimalisht nj\u00ebher\u00eb, por nuk jam dakord me ato sulme q\u00eb vijn\u00eb nga pas kompjuterit. Ne nuk vijm\u00eb k\u00ebtu p\u00ebr lek\u00eb, por p\u00ebr t\u00eb dh\u00ebn\u00eb maksimumin dhe k\u00ebt\u00eb b\u00ebm\u00eb edhe n\u00eb Franc\u00eb. Nuk \u00ebsht\u00eb dram\u00eb t\u00eb humb\u00ebsh me Franc\u00ebn, pasi 2-3 lojtar\u00eb t\u00eb saj vlejn\u00eb m\u00eb shum\u00eb se t\u00eb gjith\u00eb ne.<br \/>\n<\/em><br \/>\n<strong>Shiriti?<\/strong>\u00a0<em>Un\u00eb jam i k\u00ebnaqur q\u00eb t\u00eb mbaj shiritin, pasi \u00ebsht\u00eb nder dhe p\u00ebrgjegj\u00ebsi p\u00ebr mua, q\u00eb t\u00eb p\u00ebrfaq\u00ebsoj vendin tim si kapiten. Besoj se n\u00eb disa raste kam sjell\u00eb edhe fat, pasi kemi marr\u00eb fitore. Besoj se do t\u2019ia dalim edhe k\u00ebt\u00eb her\u00eb. Nes\u00ebr besoj se do t\u00eb arrijm\u00eb t\u00eb shprehemi mir\u00eb dhe t\u00eb marrim maksimumin. Kam besim te skuadra dhe jemi t\u00eb karikuar p\u00ebr t\u00eb dh\u00ebn\u00eb m\u00eb t\u00eb mir\u00ebn. Dihet q\u00eb do t\u00eb jet\u00eb nj\u00eb ndeshje e v\u00ebshtir\u00eb, por e gjith\u00eb skuadra ndjen se \u00ebsht\u00eb momenti yn\u00eb nes\u00ebr dhe se jemi gati t\u00eb b\u00ebjm\u00eb nj\u00eb ndeshje shum\u00eb t\u00eb bukur, p\u00ebr t\u00eb marr\u00eb edhe fitoren.<\/em><\/p>\n<p><strong>Kosova?<\/strong>\u00a0<em>Un\u00eb Kosov\u00ebs i uroj shum\u00eb suksese. Ata kan\u00eb brenda zjarrin q\u00eb pat\u00ebm ne kur arrit\u00ebm t\u00eb shkojm\u00eb n\u00eb Europian dhe u uroj q\u00eb t\u00eb vazhdojn\u00eb k\u00ebshtu<\/em>\u201d.-p\u00ebrfundoi Hysaj.<\/p>\n<p>Takimi mes Shqip\u00ebris\u00eb dhe Island\u00ebs do t\u00eb luhet mbr\u00ebmjen e s\u00eb mart\u00ebs n\u00eb &#8220;Elbasan Arena&#8221;, duke nisur nga ora 20:45.<\/p>\n","protected":false},"excerpt":{"rendered":"<p>Elseid Hysaj do t\u00eb jet\u00eb kapiteni i komb\u00ebtares shqiptare n\u00eb takimin mes Shqip\u00ebris\u00eb dhe Island\u00ebs, programuar p\u00ebr tu luajtur nes\u00ebr n\u00eb &#8220;Elbasan Arena&#8221;. Vendimi i trajnerit, Edi Reja p\u00ebr t\u00eb l\u00ebn\u00eb n\u00eb stol M\u00ebrgim Mavraj gradoi shkodranin si kapiten. Mbrojt\u00ebsi i Napolit doli n\u00eb konferenc\u00ebn p\u00ebr shtyp p\u00ebrpara takimit ndaj Island\u00ebs, teksa u shpreh se [&hellip;]<\/p>\n","protected":false},"author":2013,"featured_media":105774,"comment_status":"open","ping_status":"closed","sticky":false,"template":"","format":"standard","meta":{"footnotes":""},"categories":[241,192],"tags":[],"class_list":{"0":"post-105773","1":"post","2":"type-post","3":"status-publish","4":"format-standard","5":"has-post-thumbnail","7":"category-aktualitet","8":"category-sport"},"_links":{"self":[{"href":"https:\/\/zjarr.tv\/sq\/wp-json\/wp\/v2\/posts\/105773","targetHints":{"allow":["GET"]}}],"collection":[{"href":"https:\/\/zjarr.tv\/sq\/wp-json\/wp\/v2\/posts"}],"about":[{"href":"https:\/\/zjarr.tv\/sq\/wp-json\/wp\/v2\/types\/post"}],"author":[{"embeddable":true,"href":"https:\/\/zjarr.tv\/sq\/wp-json\/wp\/v2\/users\/2013"}],"replies":[{"embeddable":true,"href":"https:\/\/zjarr.tv\/sq\/wp-json\/wp\/v2\/comments?post=105773"}],"version-history":[{"count":0,"href":"https:\/\/zjarr.tv\/sq\/wp-json\/wp\/v2\/posts\/105773\/revisions"}],"wp:featuredmedia":[{"embeddable":true,"href":"https:\/\/zjarr.tv\/sq\/wp-json\/wp\/v2\/media\/105774"}],"wp:attachment":[{"href":"https:\/\/zjarr.tv\/sq\/wp-json\/wp\/v2\/media?parent=105773"}],"wp:term":[{"taxonomy":"category","embeddable":true,"href":"https:\/\/zjarr.tv\/sq\/wp-json\/wp\/v2\/categories?post=105773"},{"taxonomy":"post_tag","embeddable":true,"href":"https:\/\/zjarr.tv\/sq\/wp-json\/wp\/v2\/tags?post=105773"}],"curies":[{"name":"wp","href":"https:\/\/api.w.org\/{rel}","templated":true}]}}