{"id":105927,"date":"2019-09-10T15:26:54","date_gmt":"2019-09-10T13:26:54","guid":{"rendered":"https:\/\/zjarr.tv\/?p=105927"},"modified":"2019-09-10T15:26:54","modified_gmt":"2019-09-10T13:26:54","slug":"vazhdojne-shembjet-buze-detit-ne-vlore","status":"publish","type":"post","link":"https:\/\/zjarr.tv\/sq\/vazhdojne-shembjet-buze-detit-ne-vlore\/","title":{"rendered":"Vazhdojn\u00eb shembjet buz\u00eb detit n\u00eb Vlor\u00eb"},"content":{"rendered":"<p>IKMT po vazhdon shembjet n\u00eb brigjet e Vlor\u00ebs, p\u00ebr vazhdimin e faz\u00ebs s\u00eb dyt\u00eb t\u00eb sh\u00ebtitores. Sot fadromat kan\u00eb shkuar af\u00ebr kompleksit Summer Depo.<\/p>\n<div class=\"in-artile-read-more\"><\/div>\n<div class=\"fotogaleri\">\n<div class=\"bx-wrapper\">\n<div class=\"bx-viewport\">\n<ul class=\"read-slider\">\n<li><a href=\"https:\/\/www.syri.net\/uploads\/syri.net\/images\/2019\/September\/10\/70640296_2614662358555464_3299159088104996864_n1568118326.jpg\" data-lightbox=\"images\"><img decoding=\"async\" src=\"https:\/\/www.syri.net\/uploads\/syri.net\/images\/2019\/September\/10\/auto_70640296_2614662358555464_3299159088104996864_n1568118326.jpg\" \/><\/a><\/li>\n<\/ul>\n<\/div>\n<\/div>\n<\/div>\n","protected":false},"excerpt":{"rendered":"<p>IKMT po vazhdon shembjet n\u00eb brigjet e Vlor\u00ebs, p\u00ebr vazhdimin e faz\u00ebs s\u00eb dyt\u00eb t\u00eb sh\u00ebtitores. Sot fadromat kan\u00eb shkuar af\u00ebr kompleksit Summer Depo.<\/p>\n","protected":false},"author":2013,"featured_media":105929,"comment_status":"open","ping_status":"closed","sticky":false,"template":"","format":"standard","meta":{"footnotes":""},"categories":[241,235],"tags":[],"class_list":{"0":"post-105927","1":"post","2":"type-post","3":"status-publish","4":"format-standard","5":"has-post-thumbnail","7":"category-aktualitet","8":"category-vendi"},"_links":{"self":[{"href":"https:\/\/zjarr.tv\/sq\/wp-json\/wp\/v2\/posts\/105927","targetHints":{"allow":["GET"]}}],"collection":[{"href":"https:\/\/zjarr.tv\/sq\/wp-json\/wp\/v2\/posts"}],"about":[{"href":"https:\/\/zjarr.tv\/sq\/wp-json\/wp\/v2\/types\/post"}],"author":[{"embeddable":true,"href":"https:\/\/zjarr.tv\/sq\/wp-json\/wp\/v2\/users\/2013"}],"replies":[{"embeddable":true,"href":"https:\/\/zjarr.tv\/sq\/wp-json\/wp\/v2\/comments?post=105927"}],"version-history":[{"count":0,"href":"https:\/\/zjarr.tv\/sq\/wp-json\/wp\/v2\/posts\/105927\/revisions"}],"wp:featuredmedia":[{"embeddable":true,"href":"https:\/\/zjarr.tv\/sq\/wp-json\/wp\/v2\/media\/105929"}],"wp:attachment":[{"href":"https:\/\/zjarr.tv\/sq\/wp-json\/wp\/v2\/media?parent=105927"}],"wp:term":[{"taxonomy":"category","embeddable":true,"href":"https:\/\/zjarr.tv\/sq\/wp-json\/wp\/v2\/categories?post=105927"},{"taxonomy":"post_tag","embeddable":true,"href":"https:\/\/zjarr.tv\/sq\/wp-json\/wp\/v2\/tags?post=105927"}],"curies":[{"name":"wp","href":"https:\/\/api.w.org\/{rel}","templated":true}]}}