{"id":105934,"date":"2019-09-10T15:29:19","date_gmt":"2019-09-10T13:29:19","guid":{"rendered":"https:\/\/zjarr.tv\/?p=105934"},"modified":"2019-09-10T15:29:19","modified_gmt":"2019-09-10T13:29:19","slug":"godet-instituti-ifimes-shkaterrimi-i-dyshes-rama-thaci-fillimi-i-puneve-te-mira-ne-ballkan","status":"publish","type":"post","link":"https:\/\/zjarr.tv\/sq\/godet-instituti-ifimes-shkaterrimi-i-dyshes-rama-thaci-fillimi-i-puneve-te-mira-ne-ballkan\/","title":{"rendered":"Godet instituti IFIMES: Shkat\u00ebrrimi i dyshes Rama &#8211; Tha\u00e7i, fillimi i pun\u00ebve t\u00eb mira n\u00eb Ballkan"},"content":{"rendered":"<p>nstituti slloven<a href=\"https:\/\/www.ifimes.org\/en\/9694\">\u00a0IFIMES<\/a>, p\u00ebrve\u00e7 zgjedhjeve t\u00eb parakohshme n\u00eb Kosov\u00eb, ka b\u00ebr\u00eb nj\u00eb analiz\u00eb edhe rreth vendimit t\u00eb fundit t\u00eb Sekretarit t\u00eb Shtetit Amerikan, Mike Pompeo, p\u00ebr t\u00eb em\u00ebruar Matthew Palmer si p\u00ebrfaq\u00ebsues Special p\u00ebr Ballkanin Per\u00ebndimor.<\/p>\n<p>Nj\u00eb vendim i till\u00eb n\u00eb analiz\u00eb thuhet se vjen p\u00ebr shkak t\u00eb gjendjes s\u00eb tensionuar n\u00eb Ballkan, gj\u00eb p\u00ebr t\u00eb cil\u00ebn IFIMES thot\u00eb se \u00ebsht\u00eb si rezultat i munges\u00ebs s\u00eb SHBA-s\u00eb n\u00eb rajon.<\/p>\n<div class=\"in-artile-read-more\"><\/div>\n<p>Megjithat\u00eb instituti slloven e sheh si problem faktin q\u00eb shtetet per\u00ebndimore kan\u00eb nd\u00ebrtuar partneritet n\u00eb Ballkan kryesisht me \u201cstruktura politiko-kriminale\u201d, p\u00ebrcjell Bold.<\/p>\n<div id=\"rekl-13\">\n<div id=\"__sap-ad-15\" class=\"__sap-ads __sap-html tracked\" data-title=\"Credins desktop 08\"><ins><\/p>\n<div id=\"beacon_1dde1b3c45\"><img loading=\"lazy\" decoding=\"async\" src=\"https:\/\/ads1.medium.al\/www\/delivery\/lg.php?bannerid=373&amp;campaignid=48&amp;zoneid=182&amp;loc=https%3A%2F%2Fwww.syri.net%2Fpolitike%2F279472%2Fgodet-instituti-ifimes-shkaterrimi-i-dyshes-rama-thaci-fillimi-i-puneve-te-mira-ne-ballkan%2F&amp;referer=https%3A%2F%2Fwww.syri.net%2Flajme%2F&amp;cb=1dde1b3c45\" alt=\"\" width=\"0\" height=\"0\" \/><\/div>\n<p><\/ins><\/div>\n<\/div>\n<div id=\"rekl-4\"><\/div>\n<p>\u201cSHBA-ja duhet t\u00eb pun\u00ebsoj\u00eb agjencit\u00eb e saj p\u00ebr t\u00eb luftuar krimin dhe korrupsionin, ashtu si\u00e7 ka b\u00ebr\u00eb Italia pas Luft\u00ebs s\u00eb Dyt\u00eb Bot\u00ebrore\u201d, thuhet n\u00eb analiz\u00ebn e IFIMES, q\u00eb si hap t\u00eb par\u00eb propozon q\u00eb t\u00eb caktohen ata individ\u00eb apo politikan\u00eb q\u00eb veprojn\u00eb si faktor shkat\u00ebrrues.<\/p>\n<p>\u201cK\u00ebshtu pritet q\u00eb s\u00eb shpejti disa emra t\u00eb rinj nga rajoni t\u00eb futen n\u00eb list\u00ebn e zez\u00eb t\u00eb administrat\u00ebs amerikane\u201d, thuhet n\u00eb k\u00ebt\u00eb analiz\u00eb t\u00eb IFIMES.<\/p>\n<p>Pa u dekriminalizuar shtetet e Ballkanit, IFIMES konstaton se nuk do t\u00eb jet\u00eb e mundur q\u00eb t\u00eb kryhet ndonj\u00eb proces serioz politik q\u00eb do t\u00eb siguronte zhvillim ekonomik, paqe dhe stabilitet afatgjat\u00eb.<\/p>\n<p>\u201cPrandaj \u00ebsht\u00eb me r\u00ebnd\u00ebsi jetike q\u00eb k\u00ebto procese t\u00eb koordinohen me BE-n\u00eb, pasi q\u00eb n\u00eb shumica e fondeve p\u00ebrfundojn\u00eb n\u00eb duart e krimit dhe korrupsionit\u201d, potencon tutje analiza.<\/p>\n<p>N\u00eb fund IFIMES thot\u00eb se pika fillestare q\u00eb do t\u2019i mund\u00ebsonte Matthew Palmerit t\u00eb b\u00ebnte nj\u00eb pun\u00eb t\u00eb mir\u00eb do t\u00eb ishte shkat\u00ebrrimi i dyshes Tha\u00e7i-Rama.<\/p>\n<p>\u201cShkat\u00ebrrimi i dyshes s\u00eb regjimit Tha\u00e7i-Rama ndoshta do t\u00eb ishte pika m\u00eb e mir\u00eb q\u00eb do t\u00eb sh\u00ebrbente si shembull i mir\u00eb p\u00ebr pun\u00ebn e Palmerit si i d\u00ebrguar special n\u00eb Ballkan\u201d, konstaton IFIMES.<\/p>\n","protected":false},"excerpt":{"rendered":"<p>nstituti slloven\u00a0IFIMES, p\u00ebrve\u00e7 zgjedhjeve t\u00eb parakohshme n\u00eb Kosov\u00eb, ka b\u00ebr\u00eb nj\u00eb analiz\u00eb edhe rreth vendimit t\u00eb fundit t\u00eb Sekretarit t\u00eb Shtetit Amerikan, Mike Pompeo, p\u00ebr t\u00eb em\u00ebruar Matthew Palmer si p\u00ebrfaq\u00ebsues Special p\u00ebr Ballkanin Per\u00ebndimor. Nj\u00eb vendim i till\u00eb n\u00eb analiz\u00eb thuhet se vjen p\u00ebr shkak t\u00eb gjendjes s\u00eb tensionuar n\u00eb Ballkan, gj\u00eb p\u00ebr t\u00eb [&hellip;]<\/p>\n","protected":false},"author":2013,"featured_media":84944,"comment_status":"open","ping_status":"closed","sticky":false,"template":"","format":"standard","meta":{"footnotes":""},"categories":[241,235],"tags":[],"class_list":{"0":"post-105934","1":"post","2":"type-post","3":"status-publish","4":"format-standard","5":"has-post-thumbnail","7":"category-aktualitet","8":"category-vendi"},"_links":{"self":[{"href":"https:\/\/zjarr.tv\/sq\/wp-json\/wp\/v2\/posts\/105934","targetHints":{"allow":["GET"]}}],"collection":[{"href":"https:\/\/zjarr.tv\/sq\/wp-json\/wp\/v2\/posts"}],"about":[{"href":"https:\/\/zjarr.tv\/sq\/wp-json\/wp\/v2\/types\/post"}],"author":[{"embeddable":true,"href":"https:\/\/zjarr.tv\/sq\/wp-json\/wp\/v2\/users\/2013"}],"replies":[{"embeddable":true,"href":"https:\/\/zjarr.tv\/sq\/wp-json\/wp\/v2\/comments?post=105934"}],"version-history":[{"count":0,"href":"https:\/\/zjarr.tv\/sq\/wp-json\/wp\/v2\/posts\/105934\/revisions"}],"wp:featuredmedia":[{"embeddable":true,"href":"https:\/\/zjarr.tv\/sq\/wp-json\/wp\/v2\/media\/84944"}],"wp:attachment":[{"href":"https:\/\/zjarr.tv\/sq\/wp-json\/wp\/v2\/media?parent=105934"}],"wp:term":[{"taxonomy":"category","embeddable":true,"href":"https:\/\/zjarr.tv\/sq\/wp-json\/wp\/v2\/categories?post=105934"},{"taxonomy":"post_tag","embeddable":true,"href":"https:\/\/zjarr.tv\/sq\/wp-json\/wp\/v2\/tags?post=105934"}],"curies":[{"name":"wp","href":"https:\/\/api.w.org\/{rel}","templated":true}]}}