{"id":105937,"date":"2019-09-10T15:33:31","date_gmt":"2019-09-10T13:33:31","guid":{"rendered":"https:\/\/zjarr.tv\/?p=105937"},"modified":"2019-09-10T15:33:31","modified_gmt":"2019-09-10T13:33:31","slug":"takimi-me-delegacionin-e-venecias-hajdari-zgjidhja-e-ngercit-obligim-edhe-per-deputetet","status":"publish","type":"post","link":"https:\/\/zjarr.tv\/sq\/takimi-me-delegacionin-e-venecias-hajdari-zgjidhja-e-ngercit-obligim-edhe-per-deputetet\/","title":{"rendered":"Takimi me delegacionin e Venecias, Hajdari: Zgjidhja e ng\u00ebr\u00e7it, obligim edhe p\u00ebr deputet\u00ebt"},"content":{"rendered":"<p>Deputetja demokrate, Rudina Hajdari ka reaguar n\u00eb faqen e saj zyrtare n\u00eb \u201cFacebook\u201d n\u00eb lidhje takimin q\u00eb ajo zhvilloi s\u00eb bashku me disa deputet\u00eb t\u00eb tjer\u00eb me delegacionin e Komisionit t\u00eb Venecias, delegacion ky q\u00eb zbarkoi sot n\u00eb kryeqytet p\u00ebr t\u2019u njohur me klim\u00ebn politike dhe munges\u00ebn e dialogut.<\/p>\n<p>Ajo pohon se gjat\u00eb takimit, deputet\u00ebt vler\u00ebsuan rolin e r\u00ebnd\u00ebsish\u00ebm dhe k\u00ebshillues t\u00eb Komisionit t\u00eb Venecias si dhe shk\u00ebmbyen pik\u00ebpamje mbi situat\u00ebn aktuale politike n\u00eb Shqip\u00ebri.<\/p>\n<p>Postimi i Hajdarit:<br \/>\nSot n\u00eb m\u00ebngjes n\u00eb ambientet e Kuvendit t\u00eb Shqip\u00ebris\u00eb, deputet\u00eb p\u00ebrfaq\u00ebsues t\u00eb grupeve parlamentare t\u00eb opozit\u00ebs zhvilluan nj\u00eb takim me Delegacionin e Komisionit t\u00eb Venecias, i cili ndodhet n\u00eb Tiran\u00eb me k\u00ebrkes\u00eb t\u00eb Kuvendit t\u00eb Shqip\u00ebris\u00eb, n\u00eb kuad\u00ebr t\u00eb aktivitetit t\u00eb Komisionit Hetimor Parlamentar \u201cP\u00ebr kontrollin e ligjshm\u00ebris\u00eb s\u00eb veprimeve t\u00eb kryera nga ana e Presidentit t\u00eb Republik\u00ebs s\u00eb Shqip\u00ebris\u00eb.\u201d Deputet\u00ebt e pranish\u00ebm vler\u00ebsuan rolin e r\u00ebnd\u00ebsish\u00ebm k\u00ebshillues t\u00eb Komisionit t\u00eb Venecias si dhe shk\u00ebmbyen pik\u00ebpamje mbi situat\u00ebn aktuale politike n\u00eb Shqip\u00ebri dhe mbi rolin q\u00eb deputet\u00ebt e Kuvendit t\u00eb Shqip\u00ebris\u00eb kan\u00eb n\u00eb zgjidhjen e ng\u00ebr\u00e7it politik n\u00eb vend.<\/p>\n","protected":false},"excerpt":{"rendered":"<p>Deputetja demokrate, Rudina Hajdari ka reaguar n\u00eb faqen e saj zyrtare n\u00eb \u201cFacebook\u201d n\u00eb lidhje takimin q\u00eb ajo zhvilloi s\u00eb bashku me disa deputet\u00eb t\u00eb tjer\u00eb me delegacionin e Komisionit t\u00eb Venecias, delegacion ky q\u00eb zbarkoi sot n\u00eb kryeqytet p\u00ebr t\u2019u njohur me klim\u00ebn politike dhe munges\u00ebn e dialogut. Ajo pohon se gjat\u00eb takimit, deputet\u00ebt [&hellip;]<\/p>\n","protected":false},"author":2013,"featured_media":105943,"comment_status":"open","ping_status":"closed","sticky":false,"template":"","format":"standard","meta":{"footnotes":""},"categories":[241,235],"tags":[],"class_list":{"0":"post-105937","1":"post","2":"type-post","3":"status-publish","4":"format-standard","5":"has-post-thumbnail","7":"category-aktualitet","8":"category-vendi"},"_links":{"self":[{"href":"https:\/\/zjarr.tv\/sq\/wp-json\/wp\/v2\/posts\/105937","targetHints":{"allow":["GET"]}}],"collection":[{"href":"https:\/\/zjarr.tv\/sq\/wp-json\/wp\/v2\/posts"}],"about":[{"href":"https:\/\/zjarr.tv\/sq\/wp-json\/wp\/v2\/types\/post"}],"author":[{"embeddable":true,"href":"https:\/\/zjarr.tv\/sq\/wp-json\/wp\/v2\/users\/2013"}],"replies":[{"embeddable":true,"href":"https:\/\/zjarr.tv\/sq\/wp-json\/wp\/v2\/comments?post=105937"}],"version-history":[{"count":0,"href":"https:\/\/zjarr.tv\/sq\/wp-json\/wp\/v2\/posts\/105937\/revisions"}],"wp:featuredmedia":[{"embeddable":true,"href":"https:\/\/zjarr.tv\/sq\/wp-json\/wp\/v2\/media\/105943"}],"wp:attachment":[{"href":"https:\/\/zjarr.tv\/sq\/wp-json\/wp\/v2\/media?parent=105937"}],"wp:term":[{"taxonomy":"category","embeddable":true,"href":"https:\/\/zjarr.tv\/sq\/wp-json\/wp\/v2\/categories?post=105937"},{"taxonomy":"post_tag","embeddable":true,"href":"https:\/\/zjarr.tv\/sq\/wp-json\/wp\/v2\/tags?post=105937"}],"curies":[{"name":"wp","href":"https:\/\/api.w.org\/{rel}","templated":true}]}}