{"id":105947,"date":"2019-09-10T18:30:14","date_gmt":"2019-09-10T16:30:14","guid":{"rendered":"https:\/\/zjarr.tv\/?p=105947"},"modified":"2019-09-10T16:17:24","modified_gmt":"2019-09-10T14:17:24","slug":"ish-diplomati-serb-vucic-mos-u-lodh-kosoven-e-kemi-humbur","status":"publish","type":"post","link":"https:\/\/zjarr.tv\/sq\/ish-diplomati-serb-vucic-mos-u-lodh-kosoven-e-kemi-humbur\/","title":{"rendered":"Ish-diplomati serb: Vu\u00e7i\u00e7 mos u lodh, Kosov\u00ebn e kemi humbur"},"content":{"rendered":"<p>Ish-diplomati serb, Milan St. Proti\u00e7, q\u00eb kishte sh\u00ebrbyer si \u00a0ambasador i Serbis\u00eb n\u00eb Washington, thot\u00eb se Vu\u00e7iq duhet t\u00eb kuptoj\u00eb q\u00eb \u00a0Kosova \u00ebsht\u00eb humbur dhe nuk duhet t\u00eb merret m\u00eb me k\u00ebt\u00eb \u00e7\u00ebshtje.<\/p>\n<p>\u201cKosova \u00ebsht\u00eb humbur, dhe nuk duhet harxhuar energji shtes\u00eb. Nj\u00eb gj\u00eb \u00a0t\u00eb till\u00eb nuk e pranojn\u00eb vet\u00ebm politikan\u00ebt e pa sinqert\u00eb. Ajo betej\u00eb \u00a0\u00ebsht\u00eb humbur\u201d, ka th\u00ebn\u00eb historiani serb Proti\u00e7.<\/p>\n<p>Teksa ka folur p\u00ebr vazhdimin e dialogut p\u00ebr normalizim t\u00eb raporteve \u00a0nd\u00ebrmjet Kosov\u00ebs dhe Serbis\u00eb dhe p\u00ebrfshirjes s\u00eb SHBA-s\u00eb n\u00eb k\u00ebt\u00eb proces, \u00a0Proti\u00e7 thot\u00eb se ofensiva e fundit e SHBA\u2019s\u00eb p\u00ebr t\u00eb zgjidhur problemin \u00a0mes Prishtin\u00ebs dhe Beogradit vjen si rezultat i zgjedhjeve presidenciale \u00a0q\u00eb do t\u00eb mbahen n\u00eb Amerik\u00eb n\u00eb vitin 2020.<\/p>\n<p>\u201cSHBA-ja u fut n\u00eb ofensive sa i p\u00ebrket zgjidhjes s\u00eb \u00e7\u00ebshtjes s\u00eb \u00a0Kosov\u00ebs, sepse u vler\u00ebsuar q\u00eb nj\u00eb zgjidhje mund t\u00eb arrihet para \u00a0zgjedhjeve presidenciale\u201d, ka shtuar tutje ish-diplomati serb, shkruan \u00a0\u2018Pravda\u2019, transmeton Gazeta Express.<\/p>\n<p>Proti\u00e7 madje angazhimin aktual t\u00eb SHBA\u2019s\u00eb e krahason me at\u00eb t\u00eb para \u00a0disa viteve, kur u arrit Marr\u00ebveshja e Dejtonit pas d\u00ebshtimit t\u00eb Evrop\u00ebs \u00a0q\u00eb ta bindte Milloshevi\u00e7in p\u00ebr bashk\u00ebpunim.<\/p>\n<p>Sipas tij aktualisht Kosova nuk \u00ebsht\u00eb tema kryesore globale, por q\u00eb \u00a0n\u00eb rast t\u00eb ardhjes s\u00eb Joseph Biden si demokrat n\u00eb krye t\u00eb SHBA\u2019ve, thot\u00eb \u00a0se interesi p\u00ebr Kosov\u00ebn mund t\u00eb rritet.<\/p>\n","protected":false},"excerpt":{"rendered":"<p>Ish-diplomati serb, Milan St. Proti\u00e7, q\u00eb kishte sh\u00ebrbyer si \u00a0ambasador i Serbis\u00eb n\u00eb Washington, thot\u00eb se Vu\u00e7iq duhet t\u00eb kuptoj\u00eb q\u00eb \u00a0Kosova \u00ebsht\u00eb humbur dhe nuk duhet t\u00eb merret m\u00eb me k\u00ebt\u00eb \u00e7\u00ebshtje. \u201cKosova \u00ebsht\u00eb humbur, dhe nuk duhet harxhuar energji shtes\u00eb. Nj\u00eb gj\u00eb \u00a0t\u00eb till\u00eb nuk e pranojn\u00eb vet\u00ebm politikan\u00ebt e pa sinqert\u00eb. Ajo [&hellip;]<\/p>\n","protected":false},"author":2013,"featured_media":105958,"comment_status":"open","ping_status":"closed","sticky":false,"template":"","format":"standard","meta":{"footnotes":""},"categories":[241,2],"tags":[],"class_list":{"0":"post-105947","1":"post","2":"type-post","3":"status-publish","4":"format-standard","5":"has-post-thumbnail","7":"category-aktualitet","8":"category-rajoni"},"_links":{"self":[{"href":"https:\/\/zjarr.tv\/sq\/wp-json\/wp\/v2\/posts\/105947","targetHints":{"allow":["GET"]}}],"collection":[{"href":"https:\/\/zjarr.tv\/sq\/wp-json\/wp\/v2\/posts"}],"about":[{"href":"https:\/\/zjarr.tv\/sq\/wp-json\/wp\/v2\/types\/post"}],"author":[{"embeddable":true,"href":"https:\/\/zjarr.tv\/sq\/wp-json\/wp\/v2\/users\/2013"}],"replies":[{"embeddable":true,"href":"https:\/\/zjarr.tv\/sq\/wp-json\/wp\/v2\/comments?post=105947"}],"version-history":[{"count":0,"href":"https:\/\/zjarr.tv\/sq\/wp-json\/wp\/v2\/posts\/105947\/revisions"}],"wp:featuredmedia":[{"embeddable":true,"href":"https:\/\/zjarr.tv\/sq\/wp-json\/wp\/v2\/media\/105958"}],"wp:attachment":[{"href":"https:\/\/zjarr.tv\/sq\/wp-json\/wp\/v2\/media?parent=105947"}],"wp:term":[{"taxonomy":"category","embeddable":true,"href":"https:\/\/zjarr.tv\/sq\/wp-json\/wp\/v2\/categories?post=105947"},{"taxonomy":"post_tag","embeddable":true,"href":"https:\/\/zjarr.tv\/sq\/wp-json\/wp\/v2\/tags?post=105947"}],"curies":[{"name":"wp","href":"https:\/\/api.w.org\/{rel}","templated":true}]}}