{"id":105954,"date":"2019-09-10T16:10:11","date_gmt":"2019-09-10T14:10:11","guid":{"rendered":"https:\/\/zjarr.tv\/?p=105954"},"modified":"2019-09-10T16:10:11","modified_gmt":"2019-09-10T14:10:11","slug":"u-arrestua-per-terrorizem-ja-vendimi-qe-mori-gjykata-e-durresit-per-rusin","status":"publish","type":"post","link":"https:\/\/zjarr.tv\/sq\/u-arrestua-per-terrorizem-ja-vendimi-qe-mori-gjykata-e-durresit-per-rusin\/","title":{"rendered":"U arrestua p\u00ebr terroriz\u00ebm, ja vendimi q\u00eb mori Gjykata e Durr\u00ebsit p\u00ebr rusin"},"content":{"rendered":"<p>Gjykata e Durr\u00ebsit ka marr\u00eb sot vendimin p\u00ebr 34-vje\u00e7arin rus Rasul Miklajev, t\u00eb arrestuar n\u00eb Shqip\u00ebri p\u00ebr terroriz\u00ebm.<\/p>\n<div class=\"galery-slider\">\n<p><a href=\"https:\/\/balkanweb.com\/wp-content\/uploads\/2019\/09\/rusi2.jpg\" rel=\"lightbox\"><img decoding=\"async\" draggable=\"false\" src=\"https:\/\/balkanweb.com\/wp-content\/uploads\/2019\/09\/rusi2.jpg\" alt=\"foto galeri \" \/><\/a><\/p>\n<\/div>\n<p>Gjykata e qytetit bregdetar ka vendosur ekstradimin e tij p\u00ebr n\u00eb Rusi. Shteti rus ka k\u00ebrkuar ekstradim t\u00eb tij, pasi e kishte shpallur n\u00eb k\u00ebrkim nd\u00ebrkomb\u00ebtar.<\/p>\n","protected":false},"excerpt":{"rendered":"<p>Gjykata e Durr\u00ebsit ka marr\u00eb sot vendimin p\u00ebr 34-vje\u00e7arin rus Rasul Miklajev, t\u00eb arrestuar n\u00eb Shqip\u00ebri p\u00ebr terroriz\u00ebm. Gjykata e qytetit bregdetar ka vendosur ekstradimin e tij p\u00ebr n\u00eb Rusi. Shteti rus ka k\u00ebrkuar ekstradim t\u00eb tij, pasi e kishte shpallur n\u00eb k\u00ebrkim nd\u00ebrkomb\u00ebtar.<\/p>\n","protected":false},"author":2013,"featured_media":105955,"comment_status":"open","ping_status":"closed","sticky":false,"template":"","format":"standard","meta":{"footnotes":""},"categories":[241,235],"tags":[],"class_list":{"0":"post-105954","1":"post","2":"type-post","3":"status-publish","4":"format-standard","5":"has-post-thumbnail","7":"category-aktualitet","8":"category-vendi"},"_links":{"self":[{"href":"https:\/\/zjarr.tv\/sq\/wp-json\/wp\/v2\/posts\/105954","targetHints":{"allow":["GET"]}}],"collection":[{"href":"https:\/\/zjarr.tv\/sq\/wp-json\/wp\/v2\/posts"}],"about":[{"href":"https:\/\/zjarr.tv\/sq\/wp-json\/wp\/v2\/types\/post"}],"author":[{"embeddable":true,"href":"https:\/\/zjarr.tv\/sq\/wp-json\/wp\/v2\/users\/2013"}],"replies":[{"embeddable":true,"href":"https:\/\/zjarr.tv\/sq\/wp-json\/wp\/v2\/comments?post=105954"}],"version-history":[{"count":0,"href":"https:\/\/zjarr.tv\/sq\/wp-json\/wp\/v2\/posts\/105954\/revisions"}],"wp:featuredmedia":[{"embeddable":true,"href":"https:\/\/zjarr.tv\/sq\/wp-json\/wp\/v2\/media\/105955"}],"wp:attachment":[{"href":"https:\/\/zjarr.tv\/sq\/wp-json\/wp\/v2\/media?parent=105954"}],"wp:term":[{"taxonomy":"category","embeddable":true,"href":"https:\/\/zjarr.tv\/sq\/wp-json\/wp\/v2\/categories?post=105954"},{"taxonomy":"post_tag","embeddable":true,"href":"https:\/\/zjarr.tv\/sq\/wp-json\/wp\/v2\/tags?post=105954"}],"curies":[{"name":"wp","href":"https:\/\/api.w.org\/{rel}","templated":true}]}}