{"id":105957,"date":"2019-09-10T16:44:14","date_gmt":"2019-09-10T14:44:14","guid":{"rendered":"https:\/\/zjarr.tv\/?p=105957"},"modified":"2019-09-10T16:44:14","modified_gmt":"2019-09-10T14:44:14","slug":"tahiri-me-intereson-drejtesia-bashke-me-lirine","status":"publish","type":"post","link":"https:\/\/zjarr.tv\/sq\/tahiri-me-intereson-drejtesia-bashke-me-lirine\/","title":{"rendered":"Tahiri: M\u00eb intereson drejt\u00ebsia bashk\u00eb me lirin\u00eb"},"content":{"rendered":"<p>Ish-ministri i Brendsh\u00ebm, Saimir Tahiri thot\u00eb se i duket larg data e vendimit, por \u00ebsht\u00eb i bindur n\u00eb drejt\u00ebsin\u00eb e tij. Ai thot\u00eb se ka politikan\u00eb q\u00eb kan\u00eb vrar\u00eb njer\u00ebz dhe jan\u00eb n\u00eb majat e politik\u00ebs.<\/p>\n<p><strong>Tahiri:<\/strong>\u00a0<em>E mir\u00ebpres dat\u00ebn 19 pavar\u00ebsisht se m\u00eb duket larg. E pres dat\u00ebn 19 q\u00eb gjykata t\u00eb jap\u00eb vendimin. E shoh t\u00eb pamundur t\u00eb mendoj \u00e7do gj\u00eb tjet\u00ebr p\u00ebrve\u00e7se t\u00eb merrem me betej\u00ebn q\u00eb m\u00eb takon. N\u00eb k\u00ebt\u00eb vend ka deputet\u00eb, ish-kryeministri, ish-ministra, kan\u00eb vrar\u00eb njer\u00ebz jo vet\u00ebm q\u00eb nuk kan\u00eb hequr \u00a0dor\u00eb nga mandati, por nuk kan\u00eb shkuar as n\u00eb Prokurori. Ata t\u00eb tjer\u00ebt q\u00eb i fshiheshin drejt\u00ebsis\u00eb sot jan\u00eb prap\u00eb n\u00eb politik\u00eb. Mua m\u00eb intereson drejt\u00ebsia bashk\u00eb me lirin\u00eb, jo drejt\u00ebsia i ndrydhur brenda korridoreve t\u00eb pushtetit. Un\u00eb dua t\u00eb jem i lir\u00eb, t\u00eb kem goj\u00eb p\u00ebr t\u00eb folur, shpirt p\u00ebr t\u00eb ndjer\u00eb dhe mendje p\u00ebr t\u00eb menduar dhe do jem ashtu. Kur kjo betej\u00eb t\u00eb p\u00ebrfundoj\u00eb si\u00e7 dua un\u00eb t\u00eb p\u00ebrfundoj\u00eb, at\u00ebher\u00eb do ta kthej n\u00eb betej\u00ebn e \u00e7do qytetari, t\u00eb jesh e bindur p\u00ebr k\u00ebt\u00eb.<\/em><\/p>\n","protected":false},"excerpt":{"rendered":"<p>Ish-ministri i Brendsh\u00ebm, Saimir Tahiri thot\u00eb se i duket larg data e vendimit, por \u00ebsht\u00eb i bindur n\u00eb drejt\u00ebsin\u00eb e tij. Ai thot\u00eb se ka politikan\u00eb q\u00eb kan\u00eb vrar\u00eb njer\u00ebz dhe jan\u00eb n\u00eb majat e politik\u00ebs. Tahiri:\u00a0E mir\u00ebpres dat\u00ebn 19 pavar\u00ebsisht se m\u00eb duket larg. E pres dat\u00ebn 19 q\u00eb gjykata t\u00eb jap\u00eb vendimin. E [&hellip;]<\/p>\n","protected":false},"author":2013,"featured_media":97991,"comment_status":"open","ping_status":"closed","sticky":false,"template":"","format":"standard","meta":{"footnotes":""},"categories":[241,235],"tags":[],"class_list":{"0":"post-105957","1":"post","2":"type-post","3":"status-publish","4":"format-standard","5":"has-post-thumbnail","7":"category-aktualitet","8":"category-vendi"},"_links":{"self":[{"href":"https:\/\/zjarr.tv\/sq\/wp-json\/wp\/v2\/posts\/105957","targetHints":{"allow":["GET"]}}],"collection":[{"href":"https:\/\/zjarr.tv\/sq\/wp-json\/wp\/v2\/posts"}],"about":[{"href":"https:\/\/zjarr.tv\/sq\/wp-json\/wp\/v2\/types\/post"}],"author":[{"embeddable":true,"href":"https:\/\/zjarr.tv\/sq\/wp-json\/wp\/v2\/users\/2013"}],"replies":[{"embeddable":true,"href":"https:\/\/zjarr.tv\/sq\/wp-json\/wp\/v2\/comments?post=105957"}],"version-history":[{"count":0,"href":"https:\/\/zjarr.tv\/sq\/wp-json\/wp\/v2\/posts\/105957\/revisions"}],"wp:featuredmedia":[{"embeddable":true,"href":"https:\/\/zjarr.tv\/sq\/wp-json\/wp\/v2\/media\/97991"}],"wp:attachment":[{"href":"https:\/\/zjarr.tv\/sq\/wp-json\/wp\/v2\/media?parent=105957"}],"wp:term":[{"taxonomy":"category","embeddable":true,"href":"https:\/\/zjarr.tv\/sq\/wp-json\/wp\/v2\/categories?post=105957"},{"taxonomy":"post_tag","embeddable":true,"href":"https:\/\/zjarr.tv\/sq\/wp-json\/wp\/v2\/tags?post=105957"}],"curies":[{"name":"wp","href":"https:\/\/api.w.org\/{rel}","templated":true}]}}