{"id":105960,"date":"2019-09-10T18:40:49","date_gmt":"2019-09-10T16:40:49","guid":{"rendered":"https:\/\/zjarr.tv\/?p=105960"},"modified":"2019-09-10T16:18:21","modified_gmt":"2019-09-10T14:18:21","slug":"zv-ministri-i-brendshem-i-kosoves-viziton-zyrat-e-al-jaazera-inspirim-per-nje-medium-objektiv","status":"publish","type":"post","link":"https:\/\/zjarr.tv\/sq\/zv-ministri-i-brendshem-i-kosoves-viziton-zyrat-e-al-jaazera-inspirim-per-nje-medium-objektiv\/","title":{"rendered":"Zv\/ministri i Brendsh\u00ebm i Kosov\u00ebs viziton zyrat e Al Jaazera: Inspirim p\u00ebr nj\u00eb medium objektiv"},"content":{"rendered":"<p>Z\u00ebvend\u00ebs ministri i Brendsh\u00ebm i Kosov\u00ebs, Abduselami Shkodra ishte p\u00ebr nj\u00eb vizit\u00eb n\u00eb zyrat e Al Jazeera n\u00eb Katar.<\/p>\n<p>N\u00eb nj\u00eb postim n\u00eb instagram Shkodra shkruan: Vizita n\u00eb TV Al Jazeera ishte nj\u00eb inspirim p\u00ebr nj\u00eb medium objektiv dhe t\u00eb suksessh\u00ebm.<\/p>\n","protected":false},"excerpt":{"rendered":"<p>Z\u00ebvend\u00ebs ministri i Brendsh\u00ebm i Kosov\u00ebs, Abduselami Shkodra ishte p\u00ebr nj\u00eb vizit\u00eb n\u00eb zyrat e Al Jazeera n\u00eb Katar. N\u00eb nj\u00eb postim n\u00eb instagram Shkodra shkruan: Vizita n\u00eb TV Al Jazeera ishte nj\u00eb inspirim p\u00ebr nj\u00eb medium objektiv dhe t\u00eb suksessh\u00ebm.<\/p>\n","protected":false},"author":2013,"featured_media":105961,"comment_status":"open","ping_status":"closed","sticky":false,"template":"","format":"standard","meta":{"footnotes":""},"categories":[241,2],"tags":[],"class_list":{"0":"post-105960","1":"post","2":"type-post","3":"status-publish","4":"format-standard","5":"has-post-thumbnail","7":"category-aktualitet","8":"category-rajoni"},"_links":{"self":[{"href":"https:\/\/zjarr.tv\/sq\/wp-json\/wp\/v2\/posts\/105960","targetHints":{"allow":["GET"]}}],"collection":[{"href":"https:\/\/zjarr.tv\/sq\/wp-json\/wp\/v2\/posts"}],"about":[{"href":"https:\/\/zjarr.tv\/sq\/wp-json\/wp\/v2\/types\/post"}],"author":[{"embeddable":true,"href":"https:\/\/zjarr.tv\/sq\/wp-json\/wp\/v2\/users\/2013"}],"replies":[{"embeddable":true,"href":"https:\/\/zjarr.tv\/sq\/wp-json\/wp\/v2\/comments?post=105960"}],"version-history":[{"count":0,"href":"https:\/\/zjarr.tv\/sq\/wp-json\/wp\/v2\/posts\/105960\/revisions"}],"wp:featuredmedia":[{"embeddable":true,"href":"https:\/\/zjarr.tv\/sq\/wp-json\/wp\/v2\/media\/105961"}],"wp:attachment":[{"href":"https:\/\/zjarr.tv\/sq\/wp-json\/wp\/v2\/media?parent=105960"}],"wp:term":[{"taxonomy":"category","embeddable":true,"href":"https:\/\/zjarr.tv\/sq\/wp-json\/wp\/v2\/categories?post=105960"},{"taxonomy":"post_tag","embeddable":true,"href":"https:\/\/zjarr.tv\/sq\/wp-json\/wp\/v2\/tags?post=105960"}],"curies":[{"name":"wp","href":"https:\/\/api.w.org\/{rel}","templated":true}]}}