{"id":105969,"date":"2019-09-10T19:10:28","date_gmt":"2019-09-10T17:10:28","guid":{"rendered":"https:\/\/zjarr.tv\/?p=105969"},"modified":"2019-09-10T16:23:00","modified_gmt":"2019-09-10T14:23:00","slug":"presidenti-i-inter-zevendeson-milanin-ne-shoqaten-evropiane-konfirmohet-agnelli","status":"publish","type":"post","link":"https:\/\/zjarr.tv\/sq\/presidenti-i-inter-zevendeson-milanin-ne-shoqaten-evropiane-konfirmohet-agnelli\/","title":{"rendered":"Presidenti i Inter z\u00ebvend\u00ebson Milanin n\u00eb Shoqat\u00ebn Evropiane, konfirmohet Agnelli"},"content":{"rendered":"<p>Ndryshime drastike n\u00eb Shoqat\u00ebn Evropiane t\u00eb Klubeve.<\/p>\n<p>Pas largimit t\u00eb presidentit t\u00eb Milanit, Ivan Gazidis, Shoqata Evropiane e Klubeve (ECA) e ka z\u00ebvend\u00ebsuar me nj\u00eb tjet\u00ebr president t\u00eb klubeve milaneze, pik\u00ebrisht at\u00eb t\u00eb Interit, Steven Zhang.<\/p>\n<p>Nd\u00ebrkoh\u00eb, drejtuesi i Ajax-it dhe ish-portieri i Juventusit, Edwin van der Sar \u00ebsht\u00eb graduar si z\u00ebvend\u00ebs-president i Shoqat\u00ebs, duke q\u00ebn\u00eb krah i djatht\u00eb i presidentit t\u00eb Juventusit, Andrea Agnelli.<\/p>\n<p>Agnelli \u00ebsht\u00eb shefi i ECA q\u00eb prej vitit 2017 dhe do t\u00eb jet\u00eb president i Shoqat\u00ebs edhe p\u00ebr kat\u00ebr vitet e ardhshme.<\/p>\n","protected":false},"excerpt":{"rendered":"<p>Ndryshime drastike n\u00eb Shoqat\u00ebn Evropiane t\u00eb Klubeve. Pas largimit t\u00eb presidentit t\u00eb Milanit, Ivan Gazidis, Shoqata Evropiane e Klubeve (ECA) e ka z\u00ebvend\u00ebsuar me nj\u00eb tjet\u00ebr president t\u00eb klubeve milaneze, pik\u00ebrisht at\u00eb t\u00eb Interit, Steven Zhang. Nd\u00ebrkoh\u00eb, drejtuesi i Ajax-it dhe ish-portieri i Juventusit, Edwin van der Sar \u00ebsht\u00eb graduar si z\u00ebvend\u00ebs-president i Shoqat\u00ebs, duke [&hellip;]<\/p>\n","protected":false},"author":2013,"featured_media":105970,"comment_status":"open","ping_status":"closed","sticky":false,"template":"","format":"standard","meta":{"footnotes":""},"categories":[241,192],"tags":[],"class_list":{"0":"post-105969","1":"post","2":"type-post","3":"status-publish","4":"format-standard","5":"has-post-thumbnail","7":"category-aktualitet","8":"category-sport"},"_links":{"self":[{"href":"https:\/\/zjarr.tv\/sq\/wp-json\/wp\/v2\/posts\/105969","targetHints":{"allow":["GET"]}}],"collection":[{"href":"https:\/\/zjarr.tv\/sq\/wp-json\/wp\/v2\/posts"}],"about":[{"href":"https:\/\/zjarr.tv\/sq\/wp-json\/wp\/v2\/types\/post"}],"author":[{"embeddable":true,"href":"https:\/\/zjarr.tv\/sq\/wp-json\/wp\/v2\/users\/2013"}],"replies":[{"embeddable":true,"href":"https:\/\/zjarr.tv\/sq\/wp-json\/wp\/v2\/comments?post=105969"}],"version-history":[{"count":0,"href":"https:\/\/zjarr.tv\/sq\/wp-json\/wp\/v2\/posts\/105969\/revisions"}],"wp:featuredmedia":[{"embeddable":true,"href":"https:\/\/zjarr.tv\/sq\/wp-json\/wp\/v2\/media\/105970"}],"wp:attachment":[{"href":"https:\/\/zjarr.tv\/sq\/wp-json\/wp\/v2\/media?parent=105969"}],"wp:term":[{"taxonomy":"category","embeddable":true,"href":"https:\/\/zjarr.tv\/sq\/wp-json\/wp\/v2\/categories?post=105969"},{"taxonomy":"post_tag","embeddable":true,"href":"https:\/\/zjarr.tv\/sq\/wp-json\/wp\/v2\/tags?post=105969"}],"curies":[{"name":"wp","href":"https:\/\/api.w.org\/{rel}","templated":true}]}}