{"id":105977,"date":"2019-09-10T19:40:48","date_gmt":"2019-09-10T17:40:48","guid":{"rendered":"https:\/\/zjarr.tv\/?p=105977"},"modified":"2019-09-10T16:25:33","modified_gmt":"2019-09-10T14:25:33","slug":"parlamenti-britanik-votoi-serish-kunder-zgjedhjeve-te-reja","status":"publish","type":"post","link":"https:\/\/zjarr.tv\/sq\/parlamenti-britanik-votoi-serish-kunder-zgjedhjeve-te-reja\/","title":{"rendered":"Parlamenti britanik votoi s\u00ebrish kund\u00ebr zgjedhjeve t\u00eb reja"},"content":{"rendered":"<p><em>Parlamenti britanik pezulloi t\u00eb mart\u00ebn zyrtarisht punimet p\u00ebr 5 jav\u00ebt e ardhshme, duke mos u dh\u00ebn\u00eb deputet\u00ebve mund\u00ebsin\u00eb t\u00eb debatojn\u00eb mbi Brexit. Kuvendi gjithashtu refuzoi propozimin e qeveris\u00eb p\u00ebr mbajtjen e zgjedhjeve t\u00eb reja.<\/em><\/p>\n<p>Parlamentar\u00ebt britanik\u00eb i kan\u00eb dh\u00ebn\u00eb nj\u00eb tjet\u00ebr goditje kryeministrit Boris Xhonson, duke mos e mb\u00ebshtetur n\u00eb propozimin e zgjedhjeve t\u00eb jasht\u00ebzakonshme m\u00eb 15 tetor.<\/p>\n<p>Nisma e qeveris\u00eb u refuzua nga 293 deputet\u00eb dhe mori vet\u00ebm 46 vota n\u00eb favor.<\/p>\n<p>Sikurse ishte paralajm\u00ebruar, opozita e kusht\u00ebzoi votimin me nj\u00eb ligj p\u00ebr shmangien e daljes s\u00eb vendit pa kompromis nga Bashkimi Europian m\u00eb 31 tetor.<\/p>\n<p><em>&#8220;Zgjedhjet jan\u00eb e vetmja m\u00ebnyr\u00eb p\u00ebr t\u00eb tejkaluar ng\u00ebr\u00e7in n\u00eb parlament, p\u00ebr t&#8217;i sh\u00ebrbyer interesave t\u00eb vendit, dhe p\u00ebr t&#8217;i dh\u00ebn\u00eb kujtdo kryeministri nj\u00eb mandat t\u00eb fort\u00eb negociues n\u00eb K\u00ebshillit Europian muajin e ardhsh\u00ebm,&#8221; u shpreh shefi i qeveris\u00eb, duke i kritikuar opozitar\u00ebt se i druheshin zgjedhjeve sepse do t\u00eb dilnin humb\u00ebs n\u00eb to.<\/em><\/p>\n<p>Punimet e Kuvendit u pezulluan t\u00eb mart\u00ebn zyrtarisht deri m\u00eb dat\u00ebn 14 tetor.<\/p>\n<p>Tri dit\u00eb m\u00eb von\u00eb Xhonson do t\u00eb takohet me 27 homolog\u00ebt europian\u00eb n\u00eb Bruksel, n\u00eb p\u00ebrpjekjen e fundit p\u00ebr t\u00eb rinegocuar marr\u00ebveshjen Brexit dhe posa\u00e7\u00ebrisht t\u00eb ardhmen e kufijve me Irland\u00ebn.<\/p>\n<p>Kreu i ekzekutivit ka deklaruar se vendi do t\u00eb dal\u00eb nga unioni europian m\u00eb 31 tetor pavar\u00ebsisht rezultatit t\u00eb bisedimeve.<\/p>\n<p>Me an\u00eb t\u00eb nj\u00eb dekreti mbret\u00ebror t\u00eb l\u00ebshuar t\u00eb h\u00ebn\u00ebn, data e Brexit mund t\u00eb shtyhet p\u00ebr her\u00eb t\u00eb tret\u00eb deri m\u00eb 31 janar 2020, n\u00eb var\u00ebsi t\u00eb aprovimit ose mosaprovimit nga parlamenti pas samitit n\u00eb Bruksel.<\/p>\n","protected":false},"excerpt":{"rendered":"<p>Parlamenti britanik pezulloi t\u00eb mart\u00ebn zyrtarisht punimet p\u00ebr 5 jav\u00ebt e ardhshme, duke mos u dh\u00ebn\u00eb deputet\u00ebve mund\u00ebsin\u00eb t\u00eb debatojn\u00eb mbi Brexit. Kuvendi gjithashtu refuzoi propozimin e qeveris\u00eb p\u00ebr mbajtjen e zgjedhjeve t\u00eb reja. Parlamentar\u00ebt britanik\u00eb i kan\u00eb dh\u00ebn\u00eb nj\u00eb tjet\u00ebr goditje kryeministrit Boris Xhonson, duke mos e mb\u00ebshtetur n\u00eb propozimin e zgjedhjeve t\u00eb jasht\u00ebzakonshme [&hellip;]<\/p>\n","protected":false},"author":2013,"featured_media":105978,"comment_status":"open","ping_status":"closed","sticky":false,"template":"","format":"standard","meta":{"footnotes":""},"categories":[241,191],"tags":[],"class_list":{"0":"post-105977","1":"post","2":"type-post","3":"status-publish","4":"format-standard","5":"has-post-thumbnail","7":"category-aktualitet","8":"category-bota"},"_links":{"self":[{"href":"https:\/\/zjarr.tv\/sq\/wp-json\/wp\/v2\/posts\/105977","targetHints":{"allow":["GET"]}}],"collection":[{"href":"https:\/\/zjarr.tv\/sq\/wp-json\/wp\/v2\/posts"}],"about":[{"href":"https:\/\/zjarr.tv\/sq\/wp-json\/wp\/v2\/types\/post"}],"author":[{"embeddable":true,"href":"https:\/\/zjarr.tv\/sq\/wp-json\/wp\/v2\/users\/2013"}],"replies":[{"embeddable":true,"href":"https:\/\/zjarr.tv\/sq\/wp-json\/wp\/v2\/comments?post=105977"}],"version-history":[{"count":0,"href":"https:\/\/zjarr.tv\/sq\/wp-json\/wp\/v2\/posts\/105977\/revisions"}],"wp:featuredmedia":[{"embeddable":true,"href":"https:\/\/zjarr.tv\/sq\/wp-json\/wp\/v2\/media\/105978"}],"wp:attachment":[{"href":"https:\/\/zjarr.tv\/sq\/wp-json\/wp\/v2\/media?parent=105977"}],"wp:term":[{"taxonomy":"category","embeddable":true,"href":"https:\/\/zjarr.tv\/sq\/wp-json\/wp\/v2\/categories?post=105977"},{"taxonomy":"post_tag","embeddable":true,"href":"https:\/\/zjarr.tv\/sq\/wp-json\/wp\/v2\/tags?post=105977"}],"curies":[{"name":"wp","href":"https:\/\/api.w.org\/{rel}","templated":true}]}}