{"id":105980,"date":"2019-09-10T19:50:04","date_gmt":"2019-09-10T17:50:04","guid":{"rendered":"https:\/\/zjarr.tv\/?p=105980"},"modified":"2019-09-10T16:27:05","modified_gmt":"2019-09-10T14:27:05","slug":"itali-qeveria-conte-2-merr-votebesimin-ne-dhomen-e-deputeteve","status":"publish","type":"post","link":"https:\/\/zjarr.tv\/sq\/itali-qeveria-conte-2-merr-votebesimin-ne-dhomen-e-deputeteve\/","title":{"rendered":"Itali, qeveria Conte 2 merr vot\u00ebbesimin n\u00eb Dhom\u00ebn e Deputet\u00ebve"},"content":{"rendered":"<p>N\u00eb Itali, qeveria e Conte 2\u00a0e p\u00ebrb\u00ebr\u00eb nga\u00a0Partia Demokratike dhe L\u00ebvizja \u201cPes\u00eb Yjet\u201d \u00a0ka marr\u00eb vot\u00ebbesimin n\u00eb dhom\u00ebn e deputet\u00ebve. Me 343 vota pro, 263 kund\u00ebr dhe 3 abstenim Conte 2 mori besimin.<\/p>\n<p><em>&#8220;Ky projekt politik\u00a0sh\u00ebnon fillimin e nj\u00eb sezoni t\u00eb ri t\u00eb reformave q\u00eb ne kemi besim p\u00ebr zgjidhjen,&#8221;\u00a0<\/em>tha kryeministri\u00a0n\u00eb fjalimin e tij para Dhom\u00ebs<\/p>\n<p>Nd\u00ebrsa dit\u00ebn e nes\u00ebrme, qeveria do t\u00eb k\u00ebrkoj\u00eb besimin edhe t\u00eb Senatit. Ky vot\u00ebbesim k\u00ebrkon 161 vota.<\/p>\n","protected":false},"excerpt":{"rendered":"<p>N\u00eb Itali, qeveria e Conte 2\u00a0e p\u00ebrb\u00ebr\u00eb nga\u00a0Partia Demokratike dhe L\u00ebvizja \u201cPes\u00eb Yjet\u201d \u00a0ka marr\u00eb vot\u00ebbesimin n\u00eb dhom\u00ebn e deputet\u00ebve. Me 343 vota pro, 263 kund\u00ebr dhe 3 abstenim Conte 2 mori besimin. &#8220;Ky projekt politik\u00a0sh\u00ebnon fillimin e nj\u00eb sezoni t\u00eb ri t\u00eb reformave q\u00eb ne kemi besim p\u00ebr zgjidhjen,&#8221;\u00a0tha kryeministri\u00a0n\u00eb fjalimin e tij para [&hellip;]<\/p>\n","protected":false},"author":2013,"featured_media":105771,"comment_status":"open","ping_status":"closed","sticky":false,"template":"","format":"standard","meta":{"footnotes":""},"categories":[241,191],"tags":[],"class_list":{"0":"post-105980","1":"post","2":"type-post","3":"status-publish","4":"format-standard","5":"has-post-thumbnail","7":"category-aktualitet","8":"category-bota"},"_links":{"self":[{"href":"https:\/\/zjarr.tv\/sq\/wp-json\/wp\/v2\/posts\/105980","targetHints":{"allow":["GET"]}}],"collection":[{"href":"https:\/\/zjarr.tv\/sq\/wp-json\/wp\/v2\/posts"}],"about":[{"href":"https:\/\/zjarr.tv\/sq\/wp-json\/wp\/v2\/types\/post"}],"author":[{"embeddable":true,"href":"https:\/\/zjarr.tv\/sq\/wp-json\/wp\/v2\/users\/2013"}],"replies":[{"embeddable":true,"href":"https:\/\/zjarr.tv\/sq\/wp-json\/wp\/v2\/comments?post=105980"}],"version-history":[{"count":0,"href":"https:\/\/zjarr.tv\/sq\/wp-json\/wp\/v2\/posts\/105980\/revisions"}],"wp:featuredmedia":[{"embeddable":true,"href":"https:\/\/zjarr.tv\/sq\/wp-json\/wp\/v2\/media\/105771"}],"wp:attachment":[{"href":"https:\/\/zjarr.tv\/sq\/wp-json\/wp\/v2\/media?parent=105980"}],"wp:term":[{"taxonomy":"category","embeddable":true,"href":"https:\/\/zjarr.tv\/sq\/wp-json\/wp\/v2\/categories?post=105980"},{"taxonomy":"post_tag","embeddable":true,"href":"https:\/\/zjarr.tv\/sq\/wp-json\/wp\/v2\/tags?post=105980"}],"curies":[{"name":"wp","href":"https:\/\/api.w.org\/{rel}","templated":true}]}}