{"id":105988,"date":"2019-09-10T20:20:30","date_gmt":"2019-09-10T18:20:30","guid":{"rendered":"https:\/\/zjarr.tv\/?p=105988"},"modified":"2019-09-10T16:38:55","modified_gmt":"2019-09-10T14:38:55","slug":"presidenti-meta-konfirmon-prezencen-ne-elbasan-arena-le-te-mesojme-nga-tifozet-e-kosoves","status":"publish","type":"post","link":"https:\/\/zjarr.tv\/sq\/presidenti-meta-konfirmon-prezencen-ne-elbasan-arena-le-te-mesojme-nga-tifozet-e-kosoves\/","title":{"rendered":"Presidenti Meta konfirmon prezenc\u00ebn n\u00eb &#8220;Elbasan Arena&#8221;: Le t\u00eb m\u00ebsojm\u00eb nga tifoz\u00ebt e Kosov\u00ebs"},"content":{"rendered":"<p>Ekipi komb\u00ebtar luan sot nj\u00eb ndeshje shum\u00eb t\u00eb r\u00ebnd\u00ebsishme kund\u00ebr Island\u00ebs, t\u00eb vlefshme p\u00ebr kualifikueset e Euro 2020. Pas disfat\u00ebs me Franc\u00ebn, entuziasmi ka r\u00ebn\u00eb ndjesh\u00ebm, por tani kuqezinjt\u00eb kan\u00eb m\u00eb tep\u00ebr nevoj\u00eb p\u00ebr mb\u00ebshtetje.<\/p>\n<p>Presidenti i Shqip\u00ebris\u00eb, Ilir Meta n\u00ebp\u00ebrmjet nj\u00eb statusi n\u00eb faqen zyrtare b\u00ebn thirrje p\u00ebr mb\u00ebshtetje masive t\u00eb ekipit komb\u00ebtar. Ai sqaron se pavar\u00ebsisht axhend\u00ebs politike do t\u00eb jet\u00eb n\u00eb stadium, teksa k\u00ebrkon nga tifoz\u00ebt q\u00eb t\u00eb mos i braktisin kuqezinjt\u00eb.<\/p>\n<p>&#8220;<em>Nuk kisha n\u00eb plan t\u00eb shkoja sot n\u00eb &#8220;Elbasan Arena&#8221; p\u00ebr shkak t\u00eb shum\u00eb detyrimeve t\u00eb tjera, por besoj se t\u00eb gjith\u00eb duhet t\u00eb jemi m\u00eb pran\u00eb se asnj\u00ebher\u00eb Komb\u00ebtares son\u00eb q\u00eb pas shk\u00eblqimit t\u00eb jasht\u00ebzakonsh\u00ebm n\u00eb Europianin e Franc\u00ebs \u00ebsht\u00eb n\u00eb tranzicion drejt rigjetjes s\u00eb vetvetes. Shpesh tifoz\u00ebt k\u00ebrkojn\u00eb vet\u00ebm fitore, por topi \u00ebsht\u00eb i rrumbullak\u00ebt. E di q\u00eb shum\u00eb tifoz\u00eb jan\u00eb m\u00ebrzitur nga humbja me Franc\u00ebn, kampionen e bot\u00ebs, por mos harroni si humbi Brazili me Gjermanin\u00eb 1-7. Le t\u00eb m\u00ebsojm\u00eb dhe nga tifoz\u00ebt e Kosov\u00ebs, q\u00eb pik\u00ebrisht kur ekipi \u00ebsht\u00eb n\u00eb disavantazh, ndizen m\u00eb shum\u00eb n\u00eb p\u00ebrkrahjen e ekipit. Sot n\u00eb &#8220;Elbasan Arena&#8221; me Kuqezinjt\u00eb<\/em>&#8220;-shkruan Meta n\u00eb rrjetin social.<\/p>\n<p>Shqip\u00ebri-Island\u00eb luhet sot n\u00eb &#8220;Elbasan Arena&#8221; duke nisur nga ora 20:45.<\/p>\n","protected":false},"excerpt":{"rendered":"<p>Ekipi komb\u00ebtar luan sot nj\u00eb ndeshje shum\u00eb t\u00eb r\u00ebnd\u00ebsishme kund\u00ebr Island\u00ebs, t\u00eb vlefshme p\u00ebr kualifikueset e Euro 2020. Pas disfat\u00ebs me Franc\u00ebn, entuziasmi ka r\u00ebn\u00eb ndjesh\u00ebm, por tani kuqezinjt\u00eb kan\u00eb m\u00eb tep\u00ebr nevoj\u00eb p\u00ebr mb\u00ebshtetje. Presidenti i Shqip\u00ebris\u00eb, Ilir Meta n\u00ebp\u00ebrmjet nj\u00eb statusi n\u00eb faqen zyrtare b\u00ebn thirrje p\u00ebr mb\u00ebshtetje masive t\u00eb ekipit komb\u00ebtar. Ai [&hellip;]<\/p>\n","protected":false},"author":2013,"featured_media":105989,"comment_status":"open","ping_status":"closed","sticky":false,"template":"","format":"standard","meta":{"footnotes":""},"categories":[241,192],"tags":[],"class_list":{"0":"post-105988","1":"post","2":"type-post","3":"status-publish","4":"format-standard","5":"has-post-thumbnail","7":"category-aktualitet","8":"category-sport"},"_links":{"self":[{"href":"https:\/\/zjarr.tv\/sq\/wp-json\/wp\/v2\/posts\/105988","targetHints":{"allow":["GET"]}}],"collection":[{"href":"https:\/\/zjarr.tv\/sq\/wp-json\/wp\/v2\/posts"}],"about":[{"href":"https:\/\/zjarr.tv\/sq\/wp-json\/wp\/v2\/types\/post"}],"author":[{"embeddable":true,"href":"https:\/\/zjarr.tv\/sq\/wp-json\/wp\/v2\/users\/2013"}],"replies":[{"embeddable":true,"href":"https:\/\/zjarr.tv\/sq\/wp-json\/wp\/v2\/comments?post=105988"}],"version-history":[{"count":0,"href":"https:\/\/zjarr.tv\/sq\/wp-json\/wp\/v2\/posts\/105988\/revisions"}],"wp:featuredmedia":[{"embeddable":true,"href":"https:\/\/zjarr.tv\/sq\/wp-json\/wp\/v2\/media\/105989"}],"wp:attachment":[{"href":"https:\/\/zjarr.tv\/sq\/wp-json\/wp\/v2\/media?parent=105988"}],"wp:term":[{"taxonomy":"category","embeddable":true,"href":"https:\/\/zjarr.tv\/sq\/wp-json\/wp\/v2\/categories?post=105988"},{"taxonomy":"post_tag","embeddable":true,"href":"https:\/\/zjarr.tv\/sq\/wp-json\/wp\/v2\/tags?post=105988"}],"curies":[{"name":"wp","href":"https:\/\/api.w.org\/{rel}","templated":true}]}}