{"id":106016,"date":"2019-09-10T21:40:38","date_gmt":"2019-09-10T19:40:38","guid":{"rendered":"https:\/\/zjarr.tv\/?p=106016"},"modified":"2019-09-10T17:04:17","modified_gmt":"2019-09-10T15:04:17","slug":"stadiume-te-mbyllura-per-femrat-ne-iran-vd-es-tifozja-qe-i-kishte-vene-flaken-vetes","status":"publish","type":"post","link":"https:\/\/zjarr.tv\/sq\/stadiume-te-mbyllura-per-femrat-ne-iran-vd-es-tifozja-qe-i-kishte-vene-flaken-vetes\/","title":{"rendered":"Stadiume t\u00eb mbyllura p\u00ebr femrat n\u00eb Iran, vd.es tifozja q\u00eb i kishte v\u00ebn\u00eb flak\u00ebn vetes"},"content":{"rendered":"<p>Tifozja e futbollit iranian Sahar Khodayari, q\u00eb i kishte v\u00ebn\u00eb flak\u00ebn vetes disa dit\u00eb m\u00eb par\u00eb p\u00ebrpara nj\u00eb gjykate t\u00eb Teheranit, p\u00ebr t\u00eb protestuar kund\u00ebr ndalimit t\u00eb femrave p\u00ebr t\u00eb hyr\u00eb n\u00eb stadium, vdiq nat\u00ebn e kaluar n\u00eb nj\u00eb spital n\u00eb kryeqytetin iranian si pasoj\u00eb e plag\u00ebve t\u00eb marra.<\/p>\n<div id=\"sovrn\" class=\"desktop_ad ad_bottom_space\"><ins><\/ins><\/p>\n<div id=\"onetag-wrapper-3\" class=\"sovrn-onetag-ad\"><\/div>\n<\/div>\n<p>29-vje\u00e7arja u ndalua n\u00eb 12 mars n\u00eb stadiumin Azadi t\u00eb Teheranit, pasi kishte hyr\u00eb n\u00eb stadium e veshur si mashkull p\u00ebr t\u00eb asistuar n\u00eb ndeshjen e skuadr\u00ebs s\u00eb saj Estghlal kund\u00ebr Al Ain, nj\u00eb klub i Emirateve t\u00eb Bashkuara Arabe.<\/p>\n<div id=\"pa_1x1_psbk_1568127833716\"><\/div>\n<p>Khodayari, q\u00eb kishte b\u00ebr\u00eb edhe nj\u00eb selfie n\u00eb impiant, u d\u00ebnua me disa dit\u00eb n\u00eb burgun e femrave t\u00eb Gharchak Varamin, n\u00eb jug t\u00eb Teheranit, nj\u00eb burg me kushte shum\u00eb t\u00eb v\u00ebshtira jetese. Teksa ajo i vuri flak\u00ebn vetes rreth 90% e trupit t\u00eb saj ishte djegur, duke sjell\u00eb n\u00eb k\u00ebt\u00eb m\u00ebnyr\u00eb pamund\u00ebsin\u00eb p\u00ebr ta mbajtur n\u00eb jet\u00eb.<\/p>\n<p>Rasti i saj ka ngjallur shum\u00eb polemika. N\u00eb mb\u00ebshtetje t\u00eb Khodayari \u00ebsht\u00eb shprehur n\u00eb dit\u00ebt e kaluara edhe deputetja Parvaneh Salahshouri, duke l\u00ebshuar nj\u00eb apel sensibilizues kund\u00ebr diskriminimit t\u00eb femrave n\u00eb Republik\u00ebn islamike.<\/p>\n","protected":false},"excerpt":{"rendered":"<p>Tifozja e futbollit iranian Sahar Khodayari, q\u00eb i kishte v\u00ebn\u00eb flak\u00ebn vetes disa dit\u00eb m\u00eb par\u00eb p\u00ebrpara nj\u00eb gjykate t\u00eb Teheranit, p\u00ebr t\u00eb protestuar kund\u00ebr ndalimit t\u00eb femrave p\u00ebr t\u00eb hyr\u00eb n\u00eb stadium, vdiq nat\u00ebn e kaluar n\u00eb nj\u00eb spital n\u00eb kryeqytetin iranian si pasoj\u00eb e plag\u00ebve t\u00eb marra. 29-vje\u00e7arja u ndalua n\u00eb 12 mars [&hellip;]<\/p>\n","protected":false},"author":2013,"featured_media":106017,"comment_status":"open","ping_status":"closed","sticky":false,"template":"","format":"standard","meta":{"footnotes":""},"categories":[241,192],"tags":[],"class_list":{"0":"post-106016","1":"post","2":"type-post","3":"status-publish","4":"format-standard","5":"has-post-thumbnail","7":"category-aktualitet","8":"category-sport"},"_links":{"self":[{"href":"https:\/\/zjarr.tv\/sq\/wp-json\/wp\/v2\/posts\/106016","targetHints":{"allow":["GET"]}}],"collection":[{"href":"https:\/\/zjarr.tv\/sq\/wp-json\/wp\/v2\/posts"}],"about":[{"href":"https:\/\/zjarr.tv\/sq\/wp-json\/wp\/v2\/types\/post"}],"author":[{"embeddable":true,"href":"https:\/\/zjarr.tv\/sq\/wp-json\/wp\/v2\/users\/2013"}],"replies":[{"embeddable":true,"href":"https:\/\/zjarr.tv\/sq\/wp-json\/wp\/v2\/comments?post=106016"}],"version-history":[{"count":0,"href":"https:\/\/zjarr.tv\/sq\/wp-json\/wp\/v2\/posts\/106016\/revisions"}],"wp:featuredmedia":[{"embeddable":true,"href":"https:\/\/zjarr.tv\/sq\/wp-json\/wp\/v2\/media\/106017"}],"wp:attachment":[{"href":"https:\/\/zjarr.tv\/sq\/wp-json\/wp\/v2\/media?parent=106016"}],"wp:term":[{"taxonomy":"category","embeddable":true,"href":"https:\/\/zjarr.tv\/sq\/wp-json\/wp\/v2\/categories?post=106016"},{"taxonomy":"post_tag","embeddable":true,"href":"https:\/\/zjarr.tv\/sq\/wp-json\/wp\/v2\/tags?post=106016"}],"curies":[{"name":"wp","href":"https:\/\/api.w.org\/{rel}","templated":true}]}}