{"id":106044,"date":"2019-09-10T17:26:00","date_gmt":"2019-09-10T15:26:00","guid":{"rendered":"https:\/\/zjarr.tv\/?p=106044"},"modified":"2019-09-10T17:26:00","modified_gmt":"2019-09-10T15:26:00","slug":"ked-publikon-rezultatin-paraprak-te-pikezimit-per-6-kandidate-ne-gjykaten-kushtetuese","status":"publish","type":"post","link":"https:\/\/zjarr.tv\/sq\/ked-publikon-rezultatin-paraprak-te-pikezimit-per-6-kandidate-ne-gjykaten-kushtetuese\/","title":{"rendered":"KED publikon rezultatin paraprak t\u00eb pik\u00ebzimit p\u00ebr 6 kandidat\u00eb n\u00eb Gjykat\u00ebn Kushtetuese"},"content":{"rendered":"<p>K\u00ebshilli i Em\u00ebrimeve n\u00eb Drejt\u00ebsi ka publikuar rezultatin paraprak t\u00eb pik\u00ebzimit p\u00ebr secilin kandidat p\u00ebr an\u00ebtar n\u00eb Gjykat\u00ebn Kushtetuese.<\/p>\n<p>1-Arta Vorpsi 89.610 Pik\u00eb<\/p>\n<p>2-Besnik Mu\u00e7i 81.926 Pik\u00eb<\/p>\n<p>3-Elsa Toska 85.425 Pik\u00eb<\/p>\n<p>4-Fiona Papajorgji 88.783 Pik\u00eb<\/p>\n<p>5-Marsida Xhaferllari 81.999 Pik\u00eb<\/p>\n<p>6-Regleta Panajoti 80.284 Pik\u00eb<\/p>\n<p>Nd\u00ebrsa n\u00eb mbledhjen e ardhshme t\u00eb K\u00ebshillit, do t\u00eb shqyrtohen dhe miratohen<\/p>\n<p>a) Lista p\u00ebrfundimtare e renditjes s\u00eb kandidat\u00ebve p\u00ebr secilin vend vakant n\u00eb Gjykat\u00ebn Kushtetuese;<\/p>\n<p>b) Raporti i arsyetuar p\u00ebr procedur\u00ebn e verifikimit, t\u00eb vler\u00ebsimit dhe pik\u00ebzimit t\u00eb secilit kandidat dhe t\u00eb renditjes s\u00eb tyre, p\u00ebr secilin vend vakant n\u00eb Gjykat\u00ebn Kushtetuese.<\/p>\n","protected":false},"excerpt":{"rendered":"<p>K\u00ebshilli i Em\u00ebrimeve n\u00eb Drejt\u00ebsi ka publikuar rezultatin paraprak t\u00eb pik\u00ebzimit p\u00ebr secilin kandidat p\u00ebr an\u00ebtar n\u00eb Gjykat\u00ebn Kushtetuese. 1-Arta Vorpsi 89.610 Pik\u00eb 2-Besnik Mu\u00e7i 81.926 Pik\u00eb 3-Elsa Toska 85.425 Pik\u00eb 4-Fiona Papajorgji 88.783 Pik\u00eb 5-Marsida Xhaferllari 81.999 Pik\u00eb 6-Regleta Panajoti 80.284 Pik\u00eb Nd\u00ebrsa n\u00eb mbledhjen e ardhshme t\u00eb K\u00ebshillit, do t\u00eb shqyrtohen dhe miratohen [&hellip;]<\/p>\n","protected":false},"author":2013,"featured_media":106045,"comment_status":"open","ping_status":"closed","sticky":false,"template":"","format":"standard","meta":{"footnotes":""},"categories":[241,235],"tags":[],"class_list":{"0":"post-106044","1":"post","2":"type-post","3":"status-publish","4":"format-standard","5":"has-post-thumbnail","7":"category-aktualitet","8":"category-vendi"},"_links":{"self":[{"href":"https:\/\/zjarr.tv\/sq\/wp-json\/wp\/v2\/posts\/106044","targetHints":{"allow":["GET"]}}],"collection":[{"href":"https:\/\/zjarr.tv\/sq\/wp-json\/wp\/v2\/posts"}],"about":[{"href":"https:\/\/zjarr.tv\/sq\/wp-json\/wp\/v2\/types\/post"}],"author":[{"embeddable":true,"href":"https:\/\/zjarr.tv\/sq\/wp-json\/wp\/v2\/users\/2013"}],"replies":[{"embeddable":true,"href":"https:\/\/zjarr.tv\/sq\/wp-json\/wp\/v2\/comments?post=106044"}],"version-history":[{"count":0,"href":"https:\/\/zjarr.tv\/sq\/wp-json\/wp\/v2\/posts\/106044\/revisions"}],"wp:featuredmedia":[{"embeddable":true,"href":"https:\/\/zjarr.tv\/sq\/wp-json\/wp\/v2\/media\/106045"}],"wp:attachment":[{"href":"https:\/\/zjarr.tv\/sq\/wp-json\/wp\/v2\/media?parent=106044"}],"wp:term":[{"taxonomy":"category","embeddable":true,"href":"https:\/\/zjarr.tv\/sq\/wp-json\/wp\/v2\/categories?post=106044"},{"taxonomy":"post_tag","embeddable":true,"href":"https:\/\/zjarr.tv\/sq\/wp-json\/wp\/v2\/tags?post=106044"}],"curies":[{"name":"wp","href":"https:\/\/api.w.org\/{rel}","templated":true}]}}