{"id":106060,"date":"2019-09-11T11:44:46","date_gmt":"2019-09-11T09:44:46","guid":{"rendered":"https:\/\/zjarr.tv\/?p=106060"},"modified":"2019-09-11T11:44:46","modified_gmt":"2019-09-11T09:44:46","slug":"pas-kthimit-nga-brukseli-kryedemokrati-basha-i-shkon-metes-ne-zyre","status":"publish","type":"post","link":"https:\/\/zjarr.tv\/sq\/pas-kthimit-nga-brukseli-kryedemokrati-basha-i-shkon-metes-ne-zyre\/","title":{"rendered":"Pas kthimit nga Brukseli, kryedemokrati Basha i shkon Met\u00ebs n\u00eb zyr\u00eb"},"content":{"rendered":"<p>Nj\u00eb takim n\u00eb presidenc\u00eb, \u00ebsht\u00eb ndalesa e par\u00eb q\u00eb kryedemokrati Lulzim Basha ka zhvilluar menj\u00ebher\u00eb pas kthimit nga Brukseli, ku mori pjes\u00eb n\u00eb nga punimet e Asambles\u00eb s\u00eb PPE.<\/p>\n<p>Kreu i Shtetit, Ilir Meta priti sot n\u00eb zyr\u00ebn e tij n\u00eb Presidenc\u00eb, kreun e Partis\u00eb Demokratike Lulzim Basha. Takimi ka zgjatur p\u00ebr rreth nj\u00eb or\u00eb, nd\u00ebrsa nuk ka shum\u00eb detaje rreth bised\u00ebs s\u00eb zhvilluar mes tyre.<\/p>\n<p>Kujtojm\u00eb se dy dit\u00eb m\u00eb par\u00eb, Presidenti Ilir Meta d\u00ebshmoi n\u00eb komisionin Hetimor Parlamentar, ngritur me k\u00ebrkes\u00eb t\u00eb maxhoranc\u00ebs p\u00ebr shkarkimin e tij, ku mbajti q\u00ebndrim kritik si ndaj pozit\u00ebs ashtu edhe ndaj opozi\u00ebs jasht\u00eb parlamentare, nd\u00ebrsa tha se t\u00eb dyja pal\u00ebt kishin dh\u00ebn\u00eb shembuj t\u00eb \u2018shk\u00eblqyer\u2019 p\u00ebr t\u00eb ecur drejt konfrontimit dhe kishin dh\u00ebn\u00eb fakte p\u00ebr k\u00ebt\u00eb.<\/p>\n<div id=\"sovrn\" class=\"desktop_ad ad_bottom_space\"><ins><\/p>\n<div id=\"beacon_911e5bee69\"><img loading=\"lazy\" decoding=\"async\" src=\"https:\/\/ads.balkanweb.com\/www\/delivery\/lg.php?bannerid=0&amp;campaignid=0&amp;zoneid=426&amp;loc=https%3A%2F%2Fbalkanweb.com%2Fpas-kthimit-nga-brukseli-kryedemokrati-basha-i-shkon-metes-ne-zyre%2F&amp;referer=https%3A%2F%2Fbalkanweb.com%2F&amp;cb=911e5bee69\" alt=\"\" width=\"0\" height=\"0\" \/><\/div>\n<p><\/ins><\/div>\n","protected":false},"excerpt":{"rendered":"<p>Nj\u00eb takim n\u00eb presidenc\u00eb, \u00ebsht\u00eb ndalesa e par\u00eb q\u00eb kryedemokrati Lulzim Basha ka zhvilluar menj\u00ebher\u00eb pas kthimit nga Brukseli, ku mori pjes\u00eb n\u00eb nga punimet e Asambles\u00eb s\u00eb PPE. Kreu i Shtetit, Ilir Meta priti sot n\u00eb zyr\u00ebn e tij n\u00eb Presidenc\u00eb, kreun e Partis\u00eb Demokratike Lulzim Basha. Takimi ka zgjatur p\u00ebr rreth nj\u00eb or\u00eb, [&hellip;]<\/p>\n","protected":false},"author":4,"featured_media":96738,"comment_status":"open","ping_status":"closed","sticky":false,"template":"","format":"standard","meta":{"footnotes":""},"categories":[241,231,235],"tags":[],"class_list":{"0":"post-106060","1":"post","2":"type-post","3":"status-publish","4":"format-standard","5":"has-post-thumbnail","7":"category-aktualitet","8":"category-lajme","9":"category-vendi"},"_links":{"self":[{"href":"https:\/\/zjarr.tv\/sq\/wp-json\/wp\/v2\/posts\/106060","targetHints":{"allow":["GET"]}}],"collection":[{"href":"https:\/\/zjarr.tv\/sq\/wp-json\/wp\/v2\/posts"}],"about":[{"href":"https:\/\/zjarr.tv\/sq\/wp-json\/wp\/v2\/types\/post"}],"author":[{"embeddable":true,"href":"https:\/\/zjarr.tv\/sq\/wp-json\/wp\/v2\/users\/4"}],"replies":[{"embeddable":true,"href":"https:\/\/zjarr.tv\/sq\/wp-json\/wp\/v2\/comments?post=106060"}],"version-history":[{"count":0,"href":"https:\/\/zjarr.tv\/sq\/wp-json\/wp\/v2\/posts\/106060\/revisions"}],"wp:featuredmedia":[{"embeddable":true,"href":"https:\/\/zjarr.tv\/sq\/wp-json\/wp\/v2\/media\/96738"}],"wp:attachment":[{"href":"https:\/\/zjarr.tv\/sq\/wp-json\/wp\/v2\/media?parent=106060"}],"wp:term":[{"taxonomy":"category","embeddable":true,"href":"https:\/\/zjarr.tv\/sq\/wp-json\/wp\/v2\/categories?post=106060"},{"taxonomy":"post_tag","embeddable":true,"href":"https:\/\/zjarr.tv\/sq\/wp-json\/wp\/v2\/tags?post=106060"}],"curies":[{"name":"wp","href":"https:\/\/api.w.org\/{rel}","templated":true}]}}