{"id":106063,"date":"2019-09-11T11:47:26","date_gmt":"2019-09-11T09:47:26","guid":{"rendered":"https:\/\/zjarr.tv\/?p=106063"},"modified":"2019-09-11T11:47:26","modified_gmt":"2019-09-11T09:47:26","slug":"tensione-ne-zyren-e-kadastres-ne-vlore-te-shkarkuarit-rezistence-per-te-mos-leshuar-zyrat","status":"publish","type":"post","link":"https:\/\/zjarr.tv\/sq\/tensione-ne-zyren-e-kadastres-ne-vlore-te-shkarkuarit-rezistence-per-te-mos-leshuar-zyrat\/","title":{"rendered":"Tensione n\u00eb zyr\u00ebn e Kadastr\u00ebs n\u00eb Vlor\u00eb, t\u00eb shkarkuarit rezistenc\u00eb p\u00ebr t\u00eb mos l\u00ebshuar zyrat"},"content":{"rendered":"<p>Shkarkimi i drejtorit dhe n\u00ebndrejtorit t\u00eb Kadastr\u00ebs s\u00eb Vlor\u00ebs ka shkaktuar tensione n\u00eb k\u00ebt\u00eb institucion. M\u00ebsohet se Florian Alimadhi, ish-kreu i Kadastr\u00ebs dhe ish-n\u00ebndrejtori Klodian Troci, kan\u00eb refuzuar q\u00eb t\u00eb l\u00ebn\u00eb zyrat.<\/p>\n<p>Shkak i shkarkimi t\u00eb Alimadhitu b\u00eb fakti se ata kishin shmangur zbatimin e disa vendimeve t\u00eb gjykat\u00ebs. N\u00eb vend t\u00eb Alimadhit u em\u00ebruar juristi Alteo Naz\u00ebraj dhe n\u00ebndrejtori Klodian Troci, e z\u00ebvend\u00ebsoi Krenar Xhemali.<\/p>\n<p>\u201cPrej dy dit\u00ebsh \u00ebsht\u00eb vendosur drejtori dhe n\u00ebndrejtori i ri i Kadastr\u00ebs. Puna n\u00eb k\u00ebt\u00eb institucion ka pasur fillimisht probleme, pasi ish-n\u00ebndrejtori ka b\u00ebr\u00eb rezistenc\u00eb p\u00ebr t\u00eb l\u00ebshuar zyr\u00ebn. Por m\u00eb pas ka l\u00ebn\u00eb \u00e7el\u00ebsin. Ish-drejtori Florian Alimadhi dhe n\u00ebndrejtori, Klodian Troci u shkarkuan t\u00eb shkarkuar n\u00eb t\u00eb nj\u00ebjt\u00ebn koh\u00eb. M\u00ebsohet se arsye e shkarkimit t\u00eb tyre ka qen\u00eb moszbatimi i disa vendimeve t\u00eb gjykatave. Pasi zyrtar\u00ebt e rinj kan\u00eb hyr\u00eb n\u00eb ambientet e institucionit, ata jan\u00eb shoq\u00ebruar nga forca policie. Dy mjete t\u00eb policis\u00eb rrinin jasht\u00eb institucionit, dhe nj\u00ebra brenda\u201d, tha Mehmeti n\u00eb raportimin e tij, nd\u00ebrsa shtoi se puna ka nisur ne kete institucion.<\/p>\n<p>Kujtojm\u00eb q\u00eb Drejtoria e Kadastr\u00ebs Vlor\u00eb ka qen\u00eb nj\u00eb nga Drejtorit\u00eb m\u00eb problematike nd\u00ebr vite lidhur me \u00e7\u00ebshtjet e pronave n\u00eb hipotek\u00eb.<\/p>\n<p>&nbsp;<\/p>\n<div id=\"videoad\"><\/div>\n<div id=\"pa_1x1_psbk_1568195126026\"><\/div>\n<div id=\"sovrn\" class=\"desktop_ad ad_bottom_space\"><ins><\/p>\n<div id=\"beacon_87fcd21bc9\"><img loading=\"lazy\" decoding=\"async\" src=\"https:\/\/ads.balkanweb.com\/www\/delivery\/lg.php?bannerid=0&amp;campaignid=0&amp;zoneid=426&amp;loc=https%3A%2F%2Fbalkanweb.com%2Ftensione-ne-zyren-e-kadastres-ne-vlore-te-shkarkuarit-rezistence-per-te-mos-leshuar-zyrat%2F&amp;referer=https%3A%2F%2Fbalkanweb.com%2F&amp;cb=87fcd21bc9\" alt=\"\" width=\"0\" height=\"0\" \/><\/div>\n<p><\/ins><\/div>\n","protected":false},"excerpt":{"rendered":"<p>Shkarkimi i drejtorit dhe n\u00ebndrejtorit t\u00eb Kadastr\u00ebs s\u00eb Vlor\u00ebs ka shkaktuar tensione n\u00eb k\u00ebt\u00eb institucion. M\u00ebsohet se Florian Alimadhi, ish-kreu i Kadastr\u00ebs dhe ish-n\u00ebndrejtori Klodian Troci, kan\u00eb refuzuar q\u00eb t\u00eb l\u00ebn\u00eb zyrat. Shkak i shkarkimi t\u00eb Alimadhitu b\u00eb fakti se ata kishin shmangur zbatimin e disa vendimeve t\u00eb gjykat\u00ebs. N\u00eb vend t\u00eb Alimadhit u em\u00ebruar [&hellip;]<\/p>\n","protected":false},"author":4,"featured_media":106064,"comment_status":"open","ping_status":"closed","sticky":false,"template":"","format":"standard","meta":{"footnotes":""},"categories":[241,231,235],"tags":[],"class_list":{"0":"post-106063","1":"post","2":"type-post","3":"status-publish","4":"format-standard","5":"has-post-thumbnail","7":"category-aktualitet","8":"category-lajme","9":"category-vendi"},"_links":{"self":[{"href":"https:\/\/zjarr.tv\/sq\/wp-json\/wp\/v2\/posts\/106063","targetHints":{"allow":["GET"]}}],"collection":[{"href":"https:\/\/zjarr.tv\/sq\/wp-json\/wp\/v2\/posts"}],"about":[{"href":"https:\/\/zjarr.tv\/sq\/wp-json\/wp\/v2\/types\/post"}],"author":[{"embeddable":true,"href":"https:\/\/zjarr.tv\/sq\/wp-json\/wp\/v2\/users\/4"}],"replies":[{"embeddable":true,"href":"https:\/\/zjarr.tv\/sq\/wp-json\/wp\/v2\/comments?post=106063"}],"version-history":[{"count":0,"href":"https:\/\/zjarr.tv\/sq\/wp-json\/wp\/v2\/posts\/106063\/revisions"}],"wp:featuredmedia":[{"embeddable":true,"href":"https:\/\/zjarr.tv\/sq\/wp-json\/wp\/v2\/media\/106064"}],"wp:attachment":[{"href":"https:\/\/zjarr.tv\/sq\/wp-json\/wp\/v2\/media?parent=106063"}],"wp:term":[{"taxonomy":"category","embeddable":true,"href":"https:\/\/zjarr.tv\/sq\/wp-json\/wp\/v2\/categories?post=106063"},{"taxonomy":"post_tag","embeddable":true,"href":"https:\/\/zjarr.tv\/sq\/wp-json\/wp\/v2\/tags?post=106063"}],"curies":[{"name":"wp","href":"https:\/\/api.w.org\/{rel}","templated":true}]}}