{"id":106068,"date":"2019-09-11T11:57:52","date_gmt":"2019-09-11T09:57:52","guid":{"rendered":"https:\/\/zjarr.tv\/?p=106068"},"modified":"2019-09-11T11:57:52","modified_gmt":"2019-09-11T09:57:52","slug":"konkluzionet-e-komisionit-te-venecias-gati-deri-me-11-tetor","status":"publish","type":"post","link":"https:\/\/zjarr.tv\/sq\/konkluzionet-e-komisionit-te-venecias-gati-deri-me-11-tetor\/","title":{"rendered":"Konkluzionet e Komisionit t\u00eb Venecias gati deri m\u00eb 11 tetor"},"content":{"rendered":"<p>P\u00ebrfundon takimi i delegacionit t\u00eb Komisionit t\u00eb Venecias me an\u00ebtar\u00ebt e Komisionit hetimor p\u00ebr veprimtarin\u00eb e presidentit Ilir Meta.<\/p>\n<p>Takimi u mbajt n\u00eb kryesin\u00eb e Kuvendit.<\/p>\n<p>Ne nje prononcim p\u00ebr median nj\u00ebri prej an\u00ebtar\u00ebve t\u00eb delegacionit u shpreh se konkluzionet do jen\u00eb gati deri m\u00eb 11 tetor.<\/p>\n<p>Nj\u00eb dit\u00eb m\u00eb par\u00eb delegacioni i Venecias pati nj\u00eb seri takimesh me p\u00ebrfaq\u00ebsues t\u00eb shtetit e politik\u00ebs.<\/p>\n<p>Axhenda e takimeve nisi n\u00eb or\u00ebt e para t\u00eb m\u00ebngjesit me deputet\u00ebt e opozit\u00ebs jasht\u00eb Kuvendit, Bylykbashin dhe Gjosh\u00ebn, p\u00ebr t\u00eb vijuar m\u00eb pas me kreun e grupit parlamentar socialist, Taulant Ball\u00ebn, krer\u00ebt e grupeve parlamentare t\u00eb opozit\u00ebs n\u00eb kuvend, kryeparlametarin Gramoz Ru\u00e7i dhe vet\u00eb kreu e shtetit Ilir Met\u00ebn.<\/p>\n<p>N\u00eb p\u00ebrfundim Komisioni i Venecias do p\u00ebrpiloj\u00eb nj\u00eb raport lidhur me \u00e7dekretimin e zgjedhje t\u00eb 30 qershorit nga Presidenti t\u00eb cilin do t&#8217;ia p\u00ebrcjell\u00eb Komisionit Hetimor t\u00eb ngritur p\u00ebr shkarkimin e Met\u00ebs.<\/p>\n","protected":false},"excerpt":{"rendered":"<p>P\u00ebrfundon takimi i delegacionit t\u00eb Komisionit t\u00eb Venecias me an\u00ebtar\u00ebt e Komisionit hetimor p\u00ebr veprimtarin\u00eb e presidentit Ilir Meta. Takimi u mbajt n\u00eb kryesin\u00eb e Kuvendit. Ne nje prononcim p\u00ebr median nj\u00ebri prej an\u00ebtar\u00ebve t\u00eb delegacionit u shpreh se konkluzionet do jen\u00eb gati deri m\u00eb 11 tetor. Nj\u00eb dit\u00eb m\u00eb par\u00eb delegacioni i Venecias pati [&hellip;]<\/p>\n","protected":false},"author":4,"featured_media":106069,"comment_status":"open","ping_status":"closed","sticky":false,"template":"","format":"standard","meta":{"footnotes":""},"categories":[241,231,235],"tags":[],"class_list":{"0":"post-106068","1":"post","2":"type-post","3":"status-publish","4":"format-standard","5":"has-post-thumbnail","7":"category-aktualitet","8":"category-lajme","9":"category-vendi"},"_links":{"self":[{"href":"https:\/\/zjarr.tv\/sq\/wp-json\/wp\/v2\/posts\/106068","targetHints":{"allow":["GET"]}}],"collection":[{"href":"https:\/\/zjarr.tv\/sq\/wp-json\/wp\/v2\/posts"}],"about":[{"href":"https:\/\/zjarr.tv\/sq\/wp-json\/wp\/v2\/types\/post"}],"author":[{"embeddable":true,"href":"https:\/\/zjarr.tv\/sq\/wp-json\/wp\/v2\/users\/4"}],"replies":[{"embeddable":true,"href":"https:\/\/zjarr.tv\/sq\/wp-json\/wp\/v2\/comments?post=106068"}],"version-history":[{"count":0,"href":"https:\/\/zjarr.tv\/sq\/wp-json\/wp\/v2\/posts\/106068\/revisions"}],"wp:featuredmedia":[{"embeddable":true,"href":"https:\/\/zjarr.tv\/sq\/wp-json\/wp\/v2\/media\/106069"}],"wp:attachment":[{"href":"https:\/\/zjarr.tv\/sq\/wp-json\/wp\/v2\/media?parent=106068"}],"wp:term":[{"taxonomy":"category","embeddable":true,"href":"https:\/\/zjarr.tv\/sq\/wp-json\/wp\/v2\/categories?post=106068"},{"taxonomy":"post_tag","embeddable":true,"href":"https:\/\/zjarr.tv\/sq\/wp-json\/wp\/v2\/tags?post=106068"}],"curies":[{"name":"wp","href":"https:\/\/api.w.org\/{rel}","templated":true}]}}