{"id":106078,"date":"2019-09-11T13:24:19","date_gmt":"2019-09-11T11:24:19","guid":{"rendered":"https:\/\/zjarr.tv\/?p=106078"},"modified":"2019-09-11T13:24:19","modified_gmt":"2019-09-11T11:24:19","slug":"plagosja-ne-lezhe-si-u-perplasen-dy-pronaret-e-dyqaneve","status":"publish","type":"post","link":"https:\/\/zjarr.tv\/sq\/plagosja-ne-lezhe-si-u-perplasen-dy-pronaret-e-dyqaneve\/","title":{"rendered":"Plagosja n\u00eb Lezh\u00eb, si u p\u00ebrplas\u00ebn dy pronar\u00ebt e dyqaneve."},"content":{"rendered":"<div class=\"readmore-text-here\">\n<p>Jan\u00eb zbardhur detaje t\u00eb reja nga\u00a0konflikti q\u00eb p\u00ebrfundoi mbr\u00ebm\u00eb\u00a0n\u00eb t\u00eb sht\u00ebna me arm\u00eb zjarri dhe nj\u00eb t\u00eb plagosur pran\u00eb Katedrales.<\/p>\n<p>I plagosur\u00a0mbeti Ardian Kola, nd\u00ebrsa autori q\u00eb \u00ebsht\u00eb ende n\u00eb k\u00ebrkim nga policia \u00ebsht\u00eb Aleksand\u00ebr Dedgjonaj.<\/p>\n<div id=\"rekl-28\"><\/div>\n<p>Dy personat njiheshin, pasi i kan\u00eb bizneset ngjitur me njeri tjetrin. Report TV m\u00ebson se i plagosuri dhe autori kan\u00eb t\u00eb dy biznese dhe fillimisht jan\u00eb konfliktuar fizikisht m\u00eb pas \u00ebsht\u00eb p\u00ebrdorur arma.<\/p>\n<div id=\"rekl-13\">\n<div id=\"__sap-ad-15\" class=\"__sap-ads __sap-html tracked\" data-title=\"Credins desktop 08\"><ins><\/p>\n<div id=\"beacon_6b76a02714\"><img loading=\"lazy\" decoding=\"async\" src=\"https:\/\/ads1.medium.al\/www\/delivery\/lg.php?bannerid=373&amp;campaignid=48&amp;zoneid=182&amp;loc=https%3A%2F%2Fwww.syri.net%2Fkronike%2F279627%2Ffoto-plagosja-ne-lezhe-si-u-perplasen-dy-pronaret-e-dyqaneve-detaje%2F&amp;referer=https%3A%2F%2Fwww.syri.net%2Flajme%2F&amp;cb=6b76a02714\" alt=\"\" width=\"0\" height=\"0\" \/><\/div>\n<p><\/ins><\/div>\n<\/div>\n<div id=\"rekl-4\"><\/div>\n<p>Kola u plagos me arm\u00eb zjarri n\u00eb k\u00ebmb\u00eb, pasi u q\u00ebllua nga autori Dedgjonaj, i cili ka qen\u00eb duke udh\u00ebtuar me makin\u00eb.<\/p>\n<p>I plagosuri ka nj\u00eb biznes q\u00eb jep makina me qira nd\u00ebrsa autori dyqan celularesh. Konflikti m\u00ebsohet se ka lind p\u00ebr \u00e7\u00ebshtje biznesi, sipas report tv, nd\u00ebrsa vijojn\u00eb hetimet.<\/p>\n<p>&nbsp;<\/p>\n<\/div>\n<div id=\"rekl-33\"><\/div>\n<p>&nbsp;<\/p>\n","protected":false},"excerpt":{"rendered":"<p>Jan\u00eb zbardhur detaje t\u00eb reja nga\u00a0konflikti q\u00eb p\u00ebrfundoi mbr\u00ebm\u00eb\u00a0n\u00eb t\u00eb sht\u00ebna me arm\u00eb zjarri dhe nj\u00eb t\u00eb plagosur pran\u00eb Katedrales. I plagosur\u00a0mbeti Ardian Kola, nd\u00ebrsa autori q\u00eb \u00ebsht\u00eb ende n\u00eb k\u00ebrkim nga policia \u00ebsht\u00eb Aleksand\u00ebr Dedgjonaj. Dy personat njiheshin, pasi i kan\u00eb bizneset ngjitur me njeri tjetrin. Report TV m\u00ebson se i plagosuri dhe autori [&hellip;]<\/p>\n","protected":false},"author":2013,"featured_media":106079,"comment_status":"open","ping_status":"closed","sticky":false,"template":"","format":"standard","meta":{"footnotes":""},"categories":[241,235],"tags":[],"class_list":{"0":"post-106078","1":"post","2":"type-post","3":"status-publish","4":"format-standard","5":"has-post-thumbnail","7":"category-aktualitet","8":"category-vendi"},"_links":{"self":[{"href":"https:\/\/zjarr.tv\/sq\/wp-json\/wp\/v2\/posts\/106078","targetHints":{"allow":["GET"]}}],"collection":[{"href":"https:\/\/zjarr.tv\/sq\/wp-json\/wp\/v2\/posts"}],"about":[{"href":"https:\/\/zjarr.tv\/sq\/wp-json\/wp\/v2\/types\/post"}],"author":[{"embeddable":true,"href":"https:\/\/zjarr.tv\/sq\/wp-json\/wp\/v2\/users\/2013"}],"replies":[{"embeddable":true,"href":"https:\/\/zjarr.tv\/sq\/wp-json\/wp\/v2\/comments?post=106078"}],"version-history":[{"count":0,"href":"https:\/\/zjarr.tv\/sq\/wp-json\/wp\/v2\/posts\/106078\/revisions"}],"wp:featuredmedia":[{"embeddable":true,"href":"https:\/\/zjarr.tv\/sq\/wp-json\/wp\/v2\/media\/106079"}],"wp:attachment":[{"href":"https:\/\/zjarr.tv\/sq\/wp-json\/wp\/v2\/media?parent=106078"}],"wp:term":[{"taxonomy":"category","embeddable":true,"href":"https:\/\/zjarr.tv\/sq\/wp-json\/wp\/v2\/categories?post=106078"},{"taxonomy":"post_tag","embeddable":true,"href":"https:\/\/zjarr.tv\/sq\/wp-json\/wp\/v2\/tags?post=106078"}],"curies":[{"name":"wp","href":"https:\/\/api.w.org\/{rel}","templated":true}]}}