{"id":106081,"date":"2019-09-11T13:25:21","date_gmt":"2019-09-11T11:25:21","guid":{"rendered":"https:\/\/zjarr.tv\/?p=106081"},"modified":"2019-09-11T13:25:21","modified_gmt":"2019-09-11T11:25:21","slug":"kanos-punonjesin-e-policise-dhe-te-sherbimit-parimior-arrstohte-38-vjecari","status":"publish","type":"post","link":"https:\/\/zjarr.tv\/sq\/kanos-punonjesin-e-policise-dhe-te-sherbimit-parimior-arrstohte-38-vjecari\/","title":{"rendered":"Kanos punonj\u00ebsin e policis\u00eb dhe t\u00eb sh\u00ebrbimit parimior, arrstohte 38 vje\u00e7ari"},"content":{"rendered":"<p>Nj\u00eb 38 vje\u00e7ar me iniciale A.O, banues n\u00eb Ballsh, \u00ebsht\u00eb arrestuar n\u00eb flgranc\u00eb nga policia n\u00eb Mallakast\u00ebr.<\/p>\n<p>Arrestimi i k\u00ebtij shtetasi u b\u00eb pasi ka kanosur p\u00ebr shkak t\u00eb detyr\u00ebs punonj\u00ebsit e policis\u00eb dhe punonj\u00ebsit e sh\u00ebrbimit p\u00ebrmbarimor p\u00ebr mos ekzekutimin e vendimit t\u00eb Gjykat\u00ebs s\u00eb Apelit Vlor\u00eb p\u00ebr nj\u00eb pron\u00eb (tok\u00eb bujq\u00ebsore).<\/p>\n<p>Materialet i kaluan Prokuroris\u00eb pran\u00eb Gjykat\u00ebs s\u00eb Shkall\u00ebs s\u00eb Par\u00eb Fier p\u00ebr veprat penale \u201cKanosja p\u00ebr shkak t\u00eb detyr\u00ebs\u201d dhe \u201cPengime p\u00ebr ekzekutimin e vendimeve t\u00eb Gjykat\u00ebs\u201d.<\/p>\n","protected":false},"excerpt":{"rendered":"<p>Nj\u00eb 38 vje\u00e7ar me iniciale A.O, banues n\u00eb Ballsh, \u00ebsht\u00eb arrestuar n\u00eb flgranc\u00eb nga policia n\u00eb Mallakast\u00ebr. Arrestimi i k\u00ebtij shtetasi u b\u00eb pasi ka kanosur p\u00ebr shkak t\u00eb detyr\u00ebs punonj\u00ebsit e policis\u00eb dhe punonj\u00ebsit e sh\u00ebrbimit p\u00ebrmbarimor p\u00ebr mos ekzekutimin e vendimit t\u00eb Gjykat\u00ebs s\u00eb Apelit Vlor\u00eb p\u00ebr nj\u00eb pron\u00eb (tok\u00eb bujq\u00ebsore). Materialet i [&hellip;]<\/p>\n","protected":false},"author":2013,"featured_media":100067,"comment_status":"open","ping_status":"closed","sticky":false,"template":"","format":"standard","meta":{"footnotes":""},"categories":[241,235],"tags":[],"class_list":{"0":"post-106081","1":"post","2":"type-post","3":"status-publish","4":"format-standard","5":"has-post-thumbnail","7":"category-aktualitet","8":"category-vendi"},"_links":{"self":[{"href":"https:\/\/zjarr.tv\/sq\/wp-json\/wp\/v2\/posts\/106081","targetHints":{"allow":["GET"]}}],"collection":[{"href":"https:\/\/zjarr.tv\/sq\/wp-json\/wp\/v2\/posts"}],"about":[{"href":"https:\/\/zjarr.tv\/sq\/wp-json\/wp\/v2\/types\/post"}],"author":[{"embeddable":true,"href":"https:\/\/zjarr.tv\/sq\/wp-json\/wp\/v2\/users\/2013"}],"replies":[{"embeddable":true,"href":"https:\/\/zjarr.tv\/sq\/wp-json\/wp\/v2\/comments?post=106081"}],"version-history":[{"count":0,"href":"https:\/\/zjarr.tv\/sq\/wp-json\/wp\/v2\/posts\/106081\/revisions"}],"wp:featuredmedia":[{"embeddable":true,"href":"https:\/\/zjarr.tv\/sq\/wp-json\/wp\/v2\/media\/100067"}],"wp:attachment":[{"href":"https:\/\/zjarr.tv\/sq\/wp-json\/wp\/v2\/media?parent=106081"}],"wp:term":[{"taxonomy":"category","embeddable":true,"href":"https:\/\/zjarr.tv\/sq\/wp-json\/wp\/v2\/categories?post=106081"},{"taxonomy":"post_tag","embeddable":true,"href":"https:\/\/zjarr.tv\/sq\/wp-json\/wp\/v2\/tags?post=106081"}],"curies":[{"name":"wp","href":"https:\/\/api.w.org\/{rel}","templated":true}]}}