{"id":106085,"date":"2019-09-11T13:27:28","date_gmt":"2019-09-11T11:27:28","guid":{"rendered":"https:\/\/zjarr.tv\/?p=106085"},"modified":"2019-09-11T13:27:28","modified_gmt":"2019-09-11T11:27:28","slug":"plagoset-me-thike-nje-person-ne-vlore","status":"publish","type":"post","link":"https:\/\/zjarr.tv\/sq\/plagoset-me-thike-nje-person-ne-vlore\/","title":{"rendered":"Plagoset me thik\u00eb nj\u00eb person n\u00eb Vlor\u00eb"},"content":{"rendered":"<p>Nj\u00eb ngjarje e r\u00ebnd\u00eb ka ndodhur gjat\u00eb m\u00ebngjesit t\u00eb sotsh\u00ebm n\u00eb qytetin bregdetar.<\/p>\n<p>N\u00eb aytetein e Vlor\u00ebs ka ndodhur nj\u00eb sherr me thika mes disa personave.<\/p>\n<p>Si pasoje e sherrit ka nj\u00eb t\u00eb plagosur.<\/p>\n<div id=\"rekl-13\">\n<div id=\"__sap-ad-15\" class=\"__sap-ads __sap-html tracked\" data-title=\"Credins desktop 08\"><ins><\/p>\n<div id=\"beacon_e53bdd474f\"><img loading=\"lazy\" decoding=\"async\" src=\"https:\/\/ads1.medium.al\/www\/delivery\/lg.php?bannerid=373&amp;campaignid=48&amp;zoneid=182&amp;loc=https%3A%2F%2Fwww.syri.net%2Fkronike%2F279658%2Fplagoset-me-thike-nje-person-ne-vlore%2F&amp;referer=https%3A%2F%2Fwww.syri.net%2Flajme%2F&amp;cb=e53bdd474f\" alt=\"\" width=\"0\" height=\"0\" \/><\/div>\n<p><\/ins><\/div>\n<\/div>\n<p>Sherri n\u00eb rrug\u00ebn Transballkanike, rreth or\u00ebs 04:30, nuk dihen shkaqet.<\/p>\n","protected":false},"excerpt":{"rendered":"<p>Nj\u00eb ngjarje e r\u00ebnd\u00eb ka ndodhur gjat\u00eb m\u00ebngjesit t\u00eb sotsh\u00ebm n\u00eb qytetin bregdetar. N\u00eb aytetein e Vlor\u00ebs ka ndodhur nj\u00eb sherr me thika mes disa personave. Si pasoje e sherrit ka nj\u00eb t\u00eb plagosur. Sherri n\u00eb rrug\u00ebn Transballkanike, rreth or\u00ebs 04:30, nuk dihen shkaqet.<\/p>\n","protected":false},"author":2013,"featured_media":93677,"comment_status":"open","ping_status":"closed","sticky":false,"template":"","format":"standard","meta":{"footnotes":""},"categories":[241,235],"tags":[],"class_list":{"0":"post-106085","1":"post","2":"type-post","3":"status-publish","4":"format-standard","5":"has-post-thumbnail","7":"category-aktualitet","8":"category-vendi"},"_links":{"self":[{"href":"https:\/\/zjarr.tv\/sq\/wp-json\/wp\/v2\/posts\/106085","targetHints":{"allow":["GET"]}}],"collection":[{"href":"https:\/\/zjarr.tv\/sq\/wp-json\/wp\/v2\/posts"}],"about":[{"href":"https:\/\/zjarr.tv\/sq\/wp-json\/wp\/v2\/types\/post"}],"author":[{"embeddable":true,"href":"https:\/\/zjarr.tv\/sq\/wp-json\/wp\/v2\/users\/2013"}],"replies":[{"embeddable":true,"href":"https:\/\/zjarr.tv\/sq\/wp-json\/wp\/v2\/comments?post=106085"}],"version-history":[{"count":0,"href":"https:\/\/zjarr.tv\/sq\/wp-json\/wp\/v2\/posts\/106085\/revisions"}],"wp:featuredmedia":[{"embeddable":true,"href":"https:\/\/zjarr.tv\/sq\/wp-json\/wp\/v2\/media\/93677"}],"wp:attachment":[{"href":"https:\/\/zjarr.tv\/sq\/wp-json\/wp\/v2\/media?parent=106085"}],"wp:term":[{"taxonomy":"category","embeddable":true,"href":"https:\/\/zjarr.tv\/sq\/wp-json\/wp\/v2\/categories?post=106085"},{"taxonomy":"post_tag","embeddable":true,"href":"https:\/\/zjarr.tv\/sq\/wp-json\/wp\/v2\/tags?post=106085"}],"curies":[{"name":"wp","href":"https:\/\/api.w.org\/{rel}","templated":true}]}}