{"id":106087,"date":"2019-09-11T13:28:13","date_gmt":"2019-09-11T11:28:13","guid":{"rendered":"https:\/\/zjarr.tv\/?p=106087"},"modified":"2019-09-11T13:28:13","modified_gmt":"2019-09-11T11:28:13","slug":"zbardhet-koha-kur-komisioni-i-venecias-do-te-publikoje-opinionin-per-fatin-e-presidentit-meta","status":"publish","type":"post","link":"https:\/\/zjarr.tv\/sq\/zbardhet-koha-kur-komisioni-i-venecias-do-te-publikoje-opinionin-per-fatin-e-presidentit-meta\/","title":{"rendered":"Zbardhet koha kur Komisioni i Venecias do t\u00eb publikoj\u00eb opinionin, p\u00ebr `fatin` e presidentit Meta"},"content":{"rendered":"<p>Dit\u00ebn e djeshme n\u00eb Tiran\u00eb zbarkoi nj\u00eb delegacion faktmbledh\u00ebs i Komisionit t\u00eb Venecias, i thirrur nga kryetari i Kuvendit Gramoz Ru\u00e7i, p\u00ebr \u00e7\u00ebshtjen e q\u00ebndrimeve kushtetuese apo antikushtetuese, t\u00eb presidentit Ilir Meta. Delegacioni pati nj\u00eb axhend\u00eb t\u00eb ngjeshur me takime duke mos l\u00ebn\u00eb jasht\u00eb asnj\u00eb nga pal\u00ebt n\u00eb spektrin politik, por duke takuar edhe t\u00eb gjith\u00eb krer\u00ebt e shtetit. Pas k\u00ebtij zhvillimi, opinioni publik \u00ebsht\u00eb n\u00eb pritje t\u00eb opinionit t\u00eb k\u00ebtij komisioni, p\u00ebr t\u00eb kthjelluar situat\u00ebn konfliktuale mes mazhoranc\u00ebs dhe presidentit t\u00eb vendit, ve\u00e7an\u00ebrisht me rastin e dekreteve p\u00ebr zgjedhjet e 30 qershorit.<\/p>\n<p>N\u00eb nj\u00eb prononcim p\u00ebr gazet\u00ebn \u201cShekull\u201d, Komisioni i Venecias ka zbardhur edhe koh\u00ebn kur do t\u00eb publikoj\u00eb opinionin e vte\u00eb p\u00ebr k\u00ebt\u00eb \u00e7\u00ebshtje duke deklaruar se: \u2018Arsyeja e k\u00ebtij delegacioni ka t\u00eb b\u00ebj\u00eb me vet\u00eb k\u00ebrkes\u00ebn q\u00eb ka b\u00ebr\u00eb Kreu i Parlamentit t\u00eb Shqip\u00ebris\u00eb n\u00eb lidhje me rolin e Presidentit t\u00eb Shqip\u00ebris\u00eb, Ilir Meta p\u00ebr t\u00eb dekretuar nj\u00eb dat\u00eb tjet\u00ebr p\u00ebr zgjedhjet lokale. Gjithashtu Komisioni i Venecias thekson se jan\u00eb duke e ndjekur nga af\u00ebr situat\u00ebn politike n\u00eb Shqip\u00ebri, por duke qen\u00eb se ata jan\u00eb vet\u00ebm nj\u00eb institucioni ligjor k\u00ebshillues, nuk mund t\u00eb prononcohen p\u00ebr ngjarjet e caktuara politike q\u00eb ndodhin n\u00eb Shqip\u00ebri. Draftin p\u00ebrfundimtar, Komisioni i Venecias do ta b\u00ebj\u00eb publike n\u00eb muajin tetor\u2019.<\/p>\n<p>A mundej Presidenti Ilir Meta t\u00eb zhdekretonte dat\u00ebn e zgjedhjeve vendore, t\u00eb dekretuara po prej tij?<\/p>\n<div id=\"rekl-13\">\n<div id=\"__sap-ad-15\" class=\"__sap-ads __sap-html tracked\" data-title=\"Credins desktop 08\"><ins><\/p>\n<div id=\"beacon_253171e5f7\"><img loading=\"lazy\" decoding=\"async\" src=\"https:\/\/ads1.medium.al\/www\/delivery\/lg.php?bannerid=373&amp;campaignid=48&amp;zoneid=182&amp;loc=https%3A%2F%2Fwww.syri.net%2Fpolitike%2F279650%2Fzbardhet-koha-kur-komisioni-i-venecias-do-te-publikoje-opinionin-per-fatin-e-presidentit-meta%2F&amp;referer=https%3A%2F%2Fwww.syri.net%2Flajme%2F&amp;cb=253171e5f7\" alt=\"\" width=\"0\" height=\"0\" \/><\/div>\n<p><\/ins><\/div>\n<\/div>\n<p>K\u00ebsaj pyetje do t\u2019i japin p\u00ebrgjigje jurist\u00ebt e huaj, t\u00eb cil\u00ebt i nis\u00ebn dje misioni e tyre faktmbledh\u00ebs q\u00eb n\u00eb 8 t\u00eb m\u00ebngjesit me takimet me politikan\u00ebt dhe zyrtar\u00ebt shqiptar\u00eb. Fillimisht ata takuan p\u00ebrfaq\u00ebsuesin e PD-s\u00eb, Oerd Bylykbashi dhe at\u00eb t\u00eb LSI-s\u00eb, Klajda Gjosha. \u201cDiskutuam nj\u00eb \u00e7\u00ebshtje q\u00eb \u00ebsht\u00eb e paprecedent\u00eb, aq m\u00eb tep\u00ebr p\u00ebr nj\u00eb vend q\u00eb d\u00ebshiron t\u00eb jet\u00eb pjes\u00eb e BE. Qeveria do duhej t\u00eb fokusohej n\u00eb plot\u00ebsimin e kushteve p\u00ebr marrjen e rekomandimit p\u00ebr \u00e7eljen e negociatave, ne merremi me nj\u00eb \u00e7\u00ebshtje t\u00eb r\u00ebnd\u00eb, q\u00eb \u00ebsht\u00eb p\u00ebr t\u00eb mbuluar gjith\u00e7ka q\u00eb sot shkon keq me qeverisjen, p\u00ebr t\u00eb mbuluar raportin e OSBE\/ODIHR, q\u00eb tregon qart\u00eb se n\u00eb Shqip\u00ebri zgjedhjet jan\u00eb pa standarde. Parlamenti dhe mazhoranca k\u00ebrkojn\u00eb t\u00eb b\u00ebjn\u00eb politik\u00eb me \u00e7do gj\u00eb\u201d, u shpreh Gjosha. Pas takimit ish-deputeti Bylykbashi deklaroi p\u00ebr mediat se Kushtetuta e thot\u00eb mjaft qart\u00eb se kush e shkarkon Presidentin dhe se Parlamenti k\u00ebrkon q\u00eb t\u00eb fus\u00eb n\u00eb k\u00ebt\u00eb loj\u00eb t\u00eb turpshme dhe institucionet nd\u00ebrkomb\u00ebtare. Sipas Bylykbashit, presidenti Meta me dekretet e tij u p\u00ebrpoq t\u00eb ruaj\u00eb unitetin dhe pluralizmin n\u00eb Shqip\u00ebri. \u201cKushtetuta \u00ebsht\u00eb e qart\u00eb, Presidenti i Republik\u00ebs shkarkohet vet\u00ebm nga Gjykata Kushtetuese n\u00ebse ka shkelur Kushtetut\u00ebn. Presidenti \u00ebsht\u00eb p\u00ebrpjekur t\u00eb garantoj\u00eb unitetin e popullit dhe pluralizmin n\u00eb Shqip\u00ebri. Kjo \u00ebsht\u00eb nj\u00eb nga detyrat fisnike q\u00eb duhet t\u00eb luaj\u00eb dhe ka luajtur Presidenti. Parlamenti po p\u00ebrpiqet q\u00eb t\u00eb shkarkoj\u00eb Presidentin dhe n\u00eb k\u00ebt\u00eb loj\u00eb t\u00eb turpshme p\u00ebrpiqet t\u00eb b\u00ebj\u00eb pal\u00eb institucionet nd\u00ebrkomb\u00ebtare q\u00eb jan\u00eb t\u00eb qarta n\u00eb lidhje me k\u00ebt\u00eb\u201d, u shpreh Bylykbashi.<\/p>\n<p>P\u00ebrfaq\u00ebsuesi i mazhoranc\u00ebs parlamentare, Taulant Balla pas takimit me ekspert\u00ebt e Venecias u shpreh se socialist\u00ebt jan\u00eb t\u00eb vendosur ta \u00e7ojn\u00eb p\u00ebrpara pun\u00ebn e komisionit hetimor. P\u00ebrmes nj\u00eb postim n\u00eb T\u00ebitter, Balla ka shprehur mir\u00ebnjohjen e tij p\u00ebr gatishm\u00ebrin\u00eb dhe mendimin e Komisionit t\u00eb Venecias lidhur me rastin e shkeljes s\u00eb r\u00ebnd\u00eb t\u00eb Kushtetut\u00ebs nga ana e Presidentit Meta. \u201cMir\u00ebnjoh\u00ebs Komisionit t\u00eb Venecias p\u00ebr gatishm\u00ebrin\u00eb e tyre p\u00ebr t\u00eb dh\u00ebn\u00eb mendim n\u00eb Parlamentin shqiptar. Nj\u00eb procedur\u00eb e faj\u00ebsimit t\u00eb Presidentit po ec\u00ebn p\u00ebrpara n\u00eb nj\u00eb rast t\u00eb shkeljes s\u00eb r\u00ebnd\u00eb dhe arbitrare t\u00eb Kushtetut\u00ebs\u201d, shkruan Balla. M\u00eb pas takimet e jurist\u00ebve t\u00eb Venecias vijuan me opozit\u00ebn parlamentare, me drejtuesit e grupeve parlamentare, Rudina Hajdari dhe Ralf Gjoni, si dhe me deputet\u00ebt e tjer\u00eb si Lefter Maliqi, Adriatik Alimadhi dhe Myslim Murrizi. Kriza politike ka qen\u00eb n\u00eb fokusin e takimeve me deputet\u00ebt e opozit\u00ebs, por edhe m\u00eb pas me kryeparlamentarin Gramoz Ru\u00e7i. \u201cPyetjet q\u00eb ata b\u00ebn\u00eb nuk ishin m\u00eb shum\u00eb pyetje teknike, por ishin politike se \u00e7far\u00eb do t\u00eb ndodh\u00eb. Edhe nj\u00ebher\u00eb dua t\u00eb them se ne vazhdojm\u00eb t\u00eb jemi sa m\u00eb konstruktiv\u00eb si opozit\u00eb parlamentare dhe shikojm\u00eb se \u00e7do aktor, i t\u00eb gjitha pal\u00ebve, mundohet t\u00eb jap\u00eb versionin e tyre se \u00e7far\u00eb po ndodh. Por n\u00eb fund, do t\u00eb jet\u00eb delegacioni q\u00eb do t\u00eb jap\u00eb nj\u00eb opinion p\u00ebr at\u00eb se \u00e7far\u00eb po ndodh\u201d, u shpreh deputetja Hajdari pas takimit.<\/p>\n","protected":false},"excerpt":{"rendered":"<p>Dit\u00ebn e djeshme n\u00eb Tiran\u00eb zbarkoi nj\u00eb delegacion faktmbledh\u00ebs i Komisionit t\u00eb Venecias, i thirrur nga kryetari i Kuvendit Gramoz Ru\u00e7i, p\u00ebr \u00e7\u00ebshtjen e q\u00ebndrimeve kushtetuese apo antikushtetuese, t\u00eb presidentit Ilir Meta. Delegacioni pati nj\u00eb axhend\u00eb t\u00eb ngjeshur me takime duke mos l\u00ebn\u00eb jasht\u00eb asnj\u00eb nga pal\u00ebt n\u00eb spektrin politik, por duke takuar edhe t\u00eb [&hellip;]<\/p>\n","protected":false},"author":2013,"featured_media":106089,"comment_status":"open","ping_status":"closed","sticky":false,"template":"","format":"standard","meta":{"footnotes":""},"categories":[241,235],"tags":[],"class_list":{"0":"post-106087","1":"post","2":"type-post","3":"status-publish","4":"format-standard","5":"has-post-thumbnail","7":"category-aktualitet","8":"category-vendi"},"_links":{"self":[{"href":"https:\/\/zjarr.tv\/sq\/wp-json\/wp\/v2\/posts\/106087","targetHints":{"allow":["GET"]}}],"collection":[{"href":"https:\/\/zjarr.tv\/sq\/wp-json\/wp\/v2\/posts"}],"about":[{"href":"https:\/\/zjarr.tv\/sq\/wp-json\/wp\/v2\/types\/post"}],"author":[{"embeddable":true,"href":"https:\/\/zjarr.tv\/sq\/wp-json\/wp\/v2\/users\/2013"}],"replies":[{"embeddable":true,"href":"https:\/\/zjarr.tv\/sq\/wp-json\/wp\/v2\/comments?post=106087"}],"version-history":[{"count":0,"href":"https:\/\/zjarr.tv\/sq\/wp-json\/wp\/v2\/posts\/106087\/revisions"}],"wp:featuredmedia":[{"embeddable":true,"href":"https:\/\/zjarr.tv\/sq\/wp-json\/wp\/v2\/media\/106089"}],"wp:attachment":[{"href":"https:\/\/zjarr.tv\/sq\/wp-json\/wp\/v2\/media?parent=106087"}],"wp:term":[{"taxonomy":"category","embeddable":true,"href":"https:\/\/zjarr.tv\/sq\/wp-json\/wp\/v2\/categories?post=106087"},{"taxonomy":"post_tag","embeddable":true,"href":"https:\/\/zjarr.tv\/sq\/wp-json\/wp\/v2\/tags?post=106087"}],"curies":[{"name":"wp","href":"https:\/\/api.w.org\/{rel}","templated":true}]}}