{"id":106105,"date":"2019-09-11T13:46:02","date_gmt":"2019-09-11T11:46:02","guid":{"rendered":"https:\/\/zjarr.tv\/?p=106105"},"modified":"2019-09-11T13:46:02","modified_gmt":"2019-09-11T11:46:02","slug":"roshi-festimi-i-golit-ishte-per-ata-njerez-qe-nuk-e-kuptojne-futbollin-kjo-ishte-nje-ndeshje-shume-e-madhe","status":"publish","type":"post","link":"https:\/\/zjarr.tv\/sq\/roshi-festimi-i-golit-ishte-per-ata-njerez-qe-nuk-e-kuptojne-futbollin-kjo-ishte-nje-ndeshje-shume-e-madhe\/","title":{"rendered":"Roshi: Festimi i golit? Ishte p\u00ebr ata njer\u00ebz q\u00eb nuk e kuptojn\u00eb futbollin. Kjo ishte nj\u00eb ndeshje shum\u00eb e madhe"},"content":{"rendered":"<div class=\"readmore-text-here\">\n<p>Odise Roshi, pas fitores 4-2 me Island\u00ebn, foli p\u00ebr mikrofonin e RTSH.<\/p>\n<p>Fieraku u shpreh se q\u00ebllimi i skuadr\u00ebs ishte fitorja dhe kjo u arrit.<\/p>\n<p>\u201cJam shum\u00eb i g\u00ebzuar p\u00ebr golin. Q\u00ebllimi jon\u00eb ishte t\u00eb b\u00ebnim nj\u00eb paraqitje t\u00eb mir\u00eb n\u00eb Franc\u00eb, por luajt\u00ebm ndaj kund\u00ebrshtar\u00ebve m\u00eb t\u00eb mir\u00eb n\u00eb bot\u00eb. Pas ndeshjes thash\u00eb q\u00eb duhet t\u00eb shohim p\u00ebrpara dhe synimi jon\u00eb ishte t\u00eb mundnim Island\u00ebn. Kjo ishte nj\u00eb ndeshje shum\u00eb e madhe. Tani duhet t\u00eb shohim ndeshjen tjet\u00ebr.<\/p>\n<p>Roshi ka komentuar edhe festimin e golit, ku b\u00ebri me shenj\u00eb q\u00eb t\u00eb heshtnin kritik\u00ebt.<\/p>\n<p>\u201cFestimi i golit? Kur humbim ka shum\u00eb kritika. E b\u00ebra p\u00ebr ata njer\u00ebz q\u00eb kritikojn\u00eb gjithmon\u00eb Komb\u00ebtaren. E kisha p\u00ebr ata. Duhet ta mb\u00ebshtesin gjithmon\u00eb Komb\u00ebtaren. E kisha me njer\u00ebz q\u00eb nuk e kuptojn\u00eb futbolli. Nuk shava as nuk ofendova njeri.<\/p>\n<p>&nbsp;<\/p>\n<\/div>\n<div id=\"rekl-33\"><\/div>\n","protected":false},"excerpt":{"rendered":"<p>Odise Roshi, pas fitores 4-2 me Island\u00ebn, foli p\u00ebr mikrofonin e RTSH. Fieraku u shpreh se q\u00ebllimi i skuadr\u00ebs ishte fitorja dhe kjo u arrit. \u201cJam shum\u00eb i g\u00ebzuar p\u00ebr golin. Q\u00ebllimi jon\u00eb ishte t\u00eb b\u00ebnim nj\u00eb paraqitje t\u00eb mir\u00eb n\u00eb Franc\u00eb, por luajt\u00ebm ndaj kund\u00ebrshtar\u00ebve m\u00eb t\u00eb mir\u00eb n\u00eb bot\u00eb. Pas ndeshjes thash\u00eb q\u00eb [&hellip;]<\/p>\n","protected":false},"author":2013,"featured_media":106107,"comment_status":"open","ping_status":"closed","sticky":false,"template":"","format":"standard","meta":{"footnotes":""},"categories":[241,192],"tags":[],"class_list":{"0":"post-106105","1":"post","2":"type-post","3":"status-publish","4":"format-standard","5":"has-post-thumbnail","7":"category-aktualitet","8":"category-sport"},"_links":{"self":[{"href":"https:\/\/zjarr.tv\/sq\/wp-json\/wp\/v2\/posts\/106105","targetHints":{"allow":["GET"]}}],"collection":[{"href":"https:\/\/zjarr.tv\/sq\/wp-json\/wp\/v2\/posts"}],"about":[{"href":"https:\/\/zjarr.tv\/sq\/wp-json\/wp\/v2\/types\/post"}],"author":[{"embeddable":true,"href":"https:\/\/zjarr.tv\/sq\/wp-json\/wp\/v2\/users\/2013"}],"replies":[{"embeddable":true,"href":"https:\/\/zjarr.tv\/sq\/wp-json\/wp\/v2\/comments?post=106105"}],"version-history":[{"count":0,"href":"https:\/\/zjarr.tv\/sq\/wp-json\/wp\/v2\/posts\/106105\/revisions"}],"wp:featuredmedia":[{"embeddable":true,"href":"https:\/\/zjarr.tv\/sq\/wp-json\/wp\/v2\/media\/106107"}],"wp:attachment":[{"href":"https:\/\/zjarr.tv\/sq\/wp-json\/wp\/v2\/media?parent=106105"}],"wp:term":[{"taxonomy":"category","embeddable":true,"href":"https:\/\/zjarr.tv\/sq\/wp-json\/wp\/v2\/categories?post=106105"},{"taxonomy":"post_tag","embeddable":true,"href":"https:\/\/zjarr.tv\/sq\/wp-json\/wp\/v2\/tags?post=106105"}],"curies":[{"name":"wp","href":"https:\/\/api.w.org\/{rel}","templated":true}]}}