{"id":106110,"date":"2019-09-11T13:48:14","date_gmt":"2019-09-11T11:48:14","guid":{"rendered":"https:\/\/zjarr.tv\/?p=106110"},"modified":"2019-09-11T13:48:14","modified_gmt":"2019-09-11T11:48:14","slug":"lsi-ska-kerkuar-kurre-anetare-ne-gjykaten-e-larte-dhe-as-ne-kushtetuese","status":"publish","type":"post","link":"https:\/\/zjarr.tv\/sq\/lsi-ska-kerkuar-kurre-anetare-ne-gjykaten-e-larte-dhe-as-ne-kushtetuese\/","title":{"rendered":"LSI s&#8217;ka k\u00ebrkuar kurr\u00eb an\u00ebtar\u00eb n\u00eb Gjykat\u00ebn e Lart\u00eb dhe as n\u00eb Kushtetuese"},"content":{"rendered":"<p><strong>Nga Petrit Vasili.<\/strong><\/p>\n<p>LSI nuk ka pasur kurr\u00eb dhe as ka k\u00ebrkuar t\u00eb ket\u00eb asnj\u00ebher\u00eb an\u00ebtar\u00eb, as n\u00eb Gjykat\u00ebn Kushtetuese dhe as n\u00eb Gjykat\u00ebn e lart\u00eb.<\/p>\n<p>\u00c7do lajm idiot q\u00eb pretendon se LSI ka k\u00ebrkuar t\u00eb ket\u00eb an\u00ebtar n\u00eb Gjykat\u00ebn Kushtetuese, n\u00eb rastin m\u00eb t\u00eb mir\u00eb \u00ebshte debilitet dhe n\u00eb rastin m\u00eb t\u00eb keq \u00ebsht\u00eb kapje posht\u00ebruese nga qeveria.<\/p>\n<div id=\"rekl-13\">\n<div id=\"__sap-ad-15\" class=\"__sap-ads __sap-html tracked\" data-title=\"Credins desktop 08\"><ins><\/p>\n<div id=\"beacon_366e538510\"><img loading=\"lazy\" decoding=\"async\" src=\"https:\/\/ads1.medium.al\/www\/delivery\/lg.php?bannerid=373&amp;campaignid=48&amp;zoneid=182&amp;loc=https%3A%2F%2Fwww.syri.net%2Fpolitike%2F279700%2Flsi-s-ka-kerkuar-kurre-anetare-ne-gjykaten-e-larte-dhe-as-ne-kushtetuese%2F&amp;referer=https%3A%2F%2Fwww.syri.net%2Flajme%2F&amp;cb=366e538510\" alt=\"\" width=\"0\" height=\"0\" \/><\/div>\n<p><\/ins><\/div>\n<\/div>\n<p>Edhe dokumentet e cituara s&#8217;kan\u00eb asnj\u00eb lidhje me asnj\u00eb k\u00ebrkes\u00eb t\u00eb LSI p\u00ebr an\u00ebtar\u00eb n\u00eb kushtetuese, por kan\u00eb q\u00ebn\u00eb thjesht propozime n\u00eb kuadrin e Reform\u00ebs n\u00eb Drejt\u00ebsi.<\/p>\n<p>LSI ka n\u00ebnvizuar se Gjykata Kushtetuese kishte treguar integritet t\u00eb lart\u00eb dhe paan\u00ebsi dhe nuk kishte arsye q\u00eb ajo t\u00eb shp\u00ebrb\u00ebhej dhe t\u00eb lihej vendi me vite pa Gjykat\u00eb Kushtetuese.<\/p>\n<p>\u00cbsht\u00eb e qart\u00eb q\u00eb kapja dhe supa e Rilindjes i detyron disa t\u00eb flasin si idiot\u00eb, por n\u00eb asnj\u00eb rast kjo nuk \u00ebsht\u00eb merit\u00eb, por neveri.<\/p>\n","protected":false},"excerpt":{"rendered":"<p>Nga Petrit Vasili. LSI nuk ka pasur kurr\u00eb dhe as ka k\u00ebrkuar t\u00eb ket\u00eb asnj\u00ebher\u00eb an\u00ebtar\u00eb, as n\u00eb Gjykat\u00ebn Kushtetuese dhe as n\u00eb Gjykat\u00ebn e lart\u00eb. \u00c7do lajm idiot q\u00eb pretendon se LSI ka k\u00ebrkuar t\u00eb ket\u00eb an\u00ebtar n\u00eb Gjykat\u00ebn Kushtetuese, n\u00eb rastin m\u00eb t\u00eb mir\u00eb \u00ebshte debilitet dhe n\u00eb rastin m\u00eb t\u00eb keq \u00ebsht\u00eb [&hellip;]<\/p>\n","protected":false},"author":2013,"featured_media":69353,"comment_status":"open","ping_status":"closed","sticky":false,"template":"","format":"standard","meta":{"footnotes":""},"categories":[241,235],"tags":[],"class_list":{"0":"post-106110","1":"post","2":"type-post","3":"status-publish","4":"format-standard","5":"has-post-thumbnail","7":"category-aktualitet","8":"category-vendi"},"_links":{"self":[{"href":"https:\/\/zjarr.tv\/sq\/wp-json\/wp\/v2\/posts\/106110","targetHints":{"allow":["GET"]}}],"collection":[{"href":"https:\/\/zjarr.tv\/sq\/wp-json\/wp\/v2\/posts"}],"about":[{"href":"https:\/\/zjarr.tv\/sq\/wp-json\/wp\/v2\/types\/post"}],"author":[{"embeddable":true,"href":"https:\/\/zjarr.tv\/sq\/wp-json\/wp\/v2\/users\/2013"}],"replies":[{"embeddable":true,"href":"https:\/\/zjarr.tv\/sq\/wp-json\/wp\/v2\/comments?post=106110"}],"version-history":[{"count":0,"href":"https:\/\/zjarr.tv\/sq\/wp-json\/wp\/v2\/posts\/106110\/revisions"}],"wp:featuredmedia":[{"embeddable":true,"href":"https:\/\/zjarr.tv\/sq\/wp-json\/wp\/v2\/media\/69353"}],"wp:attachment":[{"href":"https:\/\/zjarr.tv\/sq\/wp-json\/wp\/v2\/media?parent=106110"}],"wp:term":[{"taxonomy":"category","embeddable":true,"href":"https:\/\/zjarr.tv\/sq\/wp-json\/wp\/v2\/categories?post=106110"},{"taxonomy":"post_tag","embeddable":true,"href":"https:\/\/zjarr.tv\/sq\/wp-json\/wp\/v2\/tags?post=106110"}],"curies":[{"name":"wp","href":"https:\/\/api.w.org\/{rel}","templated":true}]}}