{"id":106128,"date":"2019-09-11T14:17:11","date_gmt":"2019-09-11T12:17:11","guid":{"rendered":"https:\/\/zjarr.tv\/?p=106128"},"modified":"2019-09-11T14:17:11","modified_gmt":"2019-09-11T12:17:11","slug":"heqja-e-pasaporteve-diplomatike-per-kuqezinjte-reagon-cakaj-genjeshter","status":"publish","type":"post","link":"https:\/\/zjarr.tv\/sq\/heqja-e-pasaporteve-diplomatike-per-kuqezinjte-reagon-cakaj-genjeshter\/","title":{"rendered":"Heqja e pasaporteve diplomatike p\u00ebr kuqezinjt\u00eb? Reagon Cakaj: G\u00ebnjesht\u00ebr!"},"content":{"rendered":"<p>Ministri n\u00eb detyr\u00eb i Pun\u00ebve t\u00eb Jashtme, Gent Cakaj thot\u00eb se lajmi p\u00ebr heqjen e pasaportave diplomatike p\u00ebr futbollist\u00ebt e komb\u00ebtares \u00ebsht\u00eb nj\u00eb g\u00ebnjesht\u00ebr.<\/p>\n<p>N\u00eb nj\u00eb status n\u00eb twitter, pak \u00a0minuta para nisjes s\u00eb ndeshjes me Island\u00ebn, ministrin i uron suksese komb\u00ebtares, nd\u00ebrsa b\u00ebn edhe sqarimin.<\/p>\n<p><strong>Cakaj:<\/strong>\u00a0Duke i uruar Komb\u00ebtares s\u00eb Shqip\u00ebris\u00eb nj\u00eb mbr\u00ebmje t\u00eb \u00a0suksesshme sonte, informoj se lajmi i shp\u00ebrndar\u00eb n\u00eb hava, lidhur me heqjen e pasaportave diplomatike t\u00eb kuqezinjve \u00ebsht\u00eb fundekrye i g\u00ebnjesht\u00ebrt<\/p>\n","protected":false},"excerpt":{"rendered":"<p>Ministri n\u00eb detyr\u00eb i Pun\u00ebve t\u00eb Jashtme, Gent Cakaj thot\u00eb se lajmi p\u00ebr heqjen e pasaportave diplomatike p\u00ebr futbollist\u00ebt e komb\u00ebtares \u00ebsht\u00eb nj\u00eb g\u00ebnjesht\u00ebr. N\u00eb nj\u00eb status n\u00eb twitter, pak \u00a0minuta para nisjes s\u00eb ndeshjes me Island\u00ebn, ministrin i uron suksese komb\u00ebtares, nd\u00ebrsa b\u00ebn edhe sqarimin. Cakaj:\u00a0Duke i uruar Komb\u00ebtares s\u00eb Shqip\u00ebris\u00eb nj\u00eb mbr\u00ebmje t\u00eb [&hellip;]<\/p>\n","protected":false},"author":2013,"featured_media":60665,"comment_status":"open","ping_status":"closed","sticky":false,"template":"","format":"standard","meta":{"footnotes":""},"categories":[241,235],"tags":[],"class_list":{"0":"post-106128","1":"post","2":"type-post","3":"status-publish","4":"format-standard","5":"has-post-thumbnail","7":"category-aktualitet","8":"category-vendi"},"_links":{"self":[{"href":"https:\/\/zjarr.tv\/sq\/wp-json\/wp\/v2\/posts\/106128","targetHints":{"allow":["GET"]}}],"collection":[{"href":"https:\/\/zjarr.tv\/sq\/wp-json\/wp\/v2\/posts"}],"about":[{"href":"https:\/\/zjarr.tv\/sq\/wp-json\/wp\/v2\/types\/post"}],"author":[{"embeddable":true,"href":"https:\/\/zjarr.tv\/sq\/wp-json\/wp\/v2\/users\/2013"}],"replies":[{"embeddable":true,"href":"https:\/\/zjarr.tv\/sq\/wp-json\/wp\/v2\/comments?post=106128"}],"version-history":[{"count":0,"href":"https:\/\/zjarr.tv\/sq\/wp-json\/wp\/v2\/posts\/106128\/revisions"}],"wp:featuredmedia":[{"embeddable":true,"href":"https:\/\/zjarr.tv\/sq\/wp-json\/wp\/v2\/media\/60665"}],"wp:attachment":[{"href":"https:\/\/zjarr.tv\/sq\/wp-json\/wp\/v2\/media?parent=106128"}],"wp:term":[{"taxonomy":"category","embeddable":true,"href":"https:\/\/zjarr.tv\/sq\/wp-json\/wp\/v2\/categories?post=106128"},{"taxonomy":"post_tag","embeddable":true,"href":"https:\/\/zjarr.tv\/sq\/wp-json\/wp\/v2\/tags?post=106128"}],"curies":[{"name":"wp","href":"https:\/\/api.w.org\/{rel}","templated":true}]}}