{"id":106133,"date":"2019-09-11T14:21:04","date_gmt":"2019-09-11T12:21:04","guid":{"rendered":"https:\/\/zjarr.tv\/?p=106133"},"modified":"2019-09-11T14:21:04","modified_gmt":"2019-09-11T12:21:04","slug":"ambasadori-gjerman-synimi-i-gjermanise-eshte-ti-thote-po-shqiperine","status":"publish","type":"post","link":"https:\/\/zjarr.tv\/sq\/ambasadori-gjerman-synimi-i-gjermanise-eshte-ti-thote-po-shqiperine\/","title":{"rendered":"Ambasadori gjerman: Synimi i Gjermanis\u00eb \u00ebsht\u00eb t\u2019i thot\u00eb PO Shqip\u00ebrin\u00eb"},"content":{"rendered":"<p>Kreu i Kuvendit, Gramoz Ru\u00e7i \u00ebsht\u00eb takuar me Ambasadorin e ri gjerman n\u00eb Shqip\u00ebri, Peter Zingraf.<\/p>\n<p>Gjat\u00eb takimit ambasadori Zingraf tha se synimi i Gjermanis\u00eb \u00ebsht\u00eb ti thot\u00eb &#8220;Po&#8221; hapjes s\u00eb negociatave me Shqip\u00ebrin\u00eb.<\/p>\n<p>Nd\u00ebrkoh\u00eb u shpreh i lumtur q\u00eb po i jepet mund\u00ebsia kontriboj\u00eb n\u00eb forcimin e \u00a0bashk\u00ebpunimit midis t\u00eb dy vendeve, me fillimin e misionit t\u00eb tij n\u00eb Shqip\u00ebri.<\/p>\n<p><strong>Ambasadori Petert Zingraf:<\/strong>\u00a0<em>\u201cKancelarja Merkel ka deklaruar s\u00eb fundi se Ballkani Per\u00ebndimor dhe Shqip\u00ebria kan\u00eb r\u00ebnd\u00ebsi strategjike p\u00ebr Gjermanin\u00eb dhe BE-n\u00eb. Synimi i Gjermanis\u00eb \u00ebsht\u00eb t\u2019i thot\u00eb PO \u00e7eljes s\u00eb negociatave me Shqip\u00ebrin\u00eb\u201d, n\u00ebnvizoi Ambasadori Zingraf.&#8221;<\/em><\/p>\n<p>Deklarata u b\u00eb e ditur nga zyra e shtypit ne Kuvend.<\/p>\n<p>Nd\u00ebrsa kryeparlamentari Ru\u00e7i tha gjat\u00eb takimit q\u00eb shpreson q\u00eb qeveria gjermane ti thon\u00eb &#8220;PO&#8221; \u00e7eljes s\u00eb negociatave me Shqip\u00ebrin\u00eb n\u00eb mbledhjen e K\u00ebshillit Europian t\u00eb tetorit<\/p>\n<p><strong>Gramoz Ru\u00e7i:\u00a0<em>&#8220;<\/em><\/strong><em>Gjermania \u00ebsht\u00eb lokomotiva ekonomike dhe politike e Europ\u00ebs. Ne i jemi mir\u00ebnjoh\u00ebs Bundestagut, qeveris\u00eb gjermane dhe personalisht Kancelares Merkel p\u00ebr fokusin e tyre t\u00eb ve\u00e7ant\u00eb ndaj Shqip\u00ebris\u00eb dhe Ballkanit Per\u00ebndimor dhe mb\u00ebshtetjes s\u00eb rrug\u00ebtimit ton\u00eb europian. Shpresojm\u00eb q\u00eb kjo mb\u00ebshtetje do t\u00eb vazhdoj\u00eb dhe se Bundestagu dhe Qeveria gjermane do tu thon\u00eb PO \u00e7eljes s\u00eb negociatave me Shqip\u00ebrin\u00eb n\u00eb mbledhjen e K\u00ebshillit Europian t\u00eb tetorit.&#8221;<\/em><\/p>\n","protected":false},"excerpt":{"rendered":"<p>Kreu i Kuvendit, Gramoz Ru\u00e7i \u00ebsht\u00eb takuar me Ambasadorin e ri gjerman n\u00eb Shqip\u00ebri, Peter Zingraf. Gjat\u00eb takimit ambasadori Zingraf tha se synimi i Gjermanis\u00eb \u00ebsht\u00eb ti thot\u00eb &#8220;Po&#8221; hapjes s\u00eb negociatave me Shqip\u00ebrin\u00eb. Nd\u00ebrkoh\u00eb u shpreh i lumtur q\u00eb po i jepet mund\u00ebsia kontriboj\u00eb n\u00eb forcimin e \u00a0bashk\u00ebpunimit midis t\u00eb dy vendeve, me fillimin [&hellip;]<\/p>\n","protected":false},"author":2013,"featured_media":106134,"comment_status":"open","ping_status":"closed","sticky":false,"template":"","format":"standard","meta":{"footnotes":""},"categories":[241,235],"tags":[],"class_list":{"0":"post-106133","1":"post","2":"type-post","3":"status-publish","4":"format-standard","5":"has-post-thumbnail","7":"category-aktualitet","8":"category-vendi"},"_links":{"self":[{"href":"https:\/\/zjarr.tv\/sq\/wp-json\/wp\/v2\/posts\/106133","targetHints":{"allow":["GET"]}}],"collection":[{"href":"https:\/\/zjarr.tv\/sq\/wp-json\/wp\/v2\/posts"}],"about":[{"href":"https:\/\/zjarr.tv\/sq\/wp-json\/wp\/v2\/types\/post"}],"author":[{"embeddable":true,"href":"https:\/\/zjarr.tv\/sq\/wp-json\/wp\/v2\/users\/2013"}],"replies":[{"embeddable":true,"href":"https:\/\/zjarr.tv\/sq\/wp-json\/wp\/v2\/comments?post=106133"}],"version-history":[{"count":0,"href":"https:\/\/zjarr.tv\/sq\/wp-json\/wp\/v2\/posts\/106133\/revisions"}],"wp:featuredmedia":[{"embeddable":true,"href":"https:\/\/zjarr.tv\/sq\/wp-json\/wp\/v2\/media\/106134"}],"wp:attachment":[{"href":"https:\/\/zjarr.tv\/sq\/wp-json\/wp\/v2\/media?parent=106133"}],"wp:term":[{"taxonomy":"category","embeddable":true,"href":"https:\/\/zjarr.tv\/sq\/wp-json\/wp\/v2\/categories?post=106133"},{"taxonomy":"post_tag","embeddable":true,"href":"https:\/\/zjarr.tv\/sq\/wp-json\/wp\/v2\/tags?post=106133"}],"curies":[{"name":"wp","href":"https:\/\/api.w.org\/{rel}","templated":true}]}}