{"id":106139,"date":"2019-09-11T14:48:57","date_gmt":"2019-09-11T12:48:57","guid":{"rendered":"https:\/\/zjarr.tv\/?p=106139"},"modified":"2019-09-11T14:48:57","modified_gmt":"2019-09-11T12:48:57","slug":"nisin-pergatitjet-per-maratonen-e-tiranes","status":"publish","type":"post","link":"https:\/\/zjarr.tv\/sq\/nisin-pergatitjet-per-maratonen-e-tiranes\/","title":{"rendered":"Nisin p\u00ebrgatitjet p\u00ebr Maraton\u00ebn e Tiran\u00ebs"},"content":{"rendered":"<p>Kan\u00eb nisur p\u00ebrgatitjet p\u00ebr edicionin e kat\u00ebrt t\u00eb maraton\u00ebs n\u00eb Tiran\u00eb q\u00eb do mbahet me 13 tetor.<\/p>\n<p>Ky event, q\u00eb tashm\u00eb po kthehet n\u00eb nj\u00eb tradit\u00eb, \u00ebsht\u00eb aprovuar nga Federata Bot\u00ebrore e Atletik\u00ebs, si dhe nga federata shqiptare.<\/p>\n<p>N\u00eb k\u00ebt\u00eb edicion, gara n\u00eb Maraton\u00ebn e Tiran\u00ebs \u00ebsht\u00eb e organizuar p\u00ebr 3 kategori: Gjysm\u00eb maratona (21 ), Tirana 10 K, dhe \u201cWe too\u201d, e cila \u00ebsht\u00eb m\u00eb shum\u00eb nj\u00eb kategori motivuese sesa garuese.<\/p>\n<p>Itineraret e reja, t\u00eb certifikuara nga Shoqata Nd\u00ebrkomb\u00ebtare e Federatave t\u00eb Atletik\u00ebs, do t\u00eb p\u00ebrshkruajn\u00eb pikat m\u00eb atraktive t\u00eb qytetit.<\/p>\n<p>N\u00eb 13 tetor p\u00ebrve\u00e7 aktiviteteve sportive, do mbahen edhe aktivitete kulturore dhe artistike.<\/p>\n<p>Nd\u00ebrsa p\u00ebr fituesit e Maraton\u00ebs Tirana 2019 do ket\u00eb edhe shp\u00ebrndarje t\u00eb \u00e7mimeve.<\/p>\n","protected":false},"excerpt":{"rendered":"<p>Kan\u00eb nisur p\u00ebrgatitjet p\u00ebr edicionin e kat\u00ebrt t\u00eb maraton\u00ebs n\u00eb Tiran\u00eb q\u00eb do mbahet me 13 tetor. Ky event, q\u00eb tashm\u00eb po kthehet n\u00eb nj\u00eb tradit\u00eb, \u00ebsht\u00eb aprovuar nga Federata Bot\u00ebrore e Atletik\u00ebs, si dhe nga federata shqiptare. N\u00eb k\u00ebt\u00eb edicion, gara n\u00eb Maraton\u00ebn e Tiran\u00ebs \u00ebsht\u00eb e organizuar p\u00ebr 3 kategori: Gjysm\u00eb maratona (21 [&hellip;]<\/p>\n","protected":false},"author":2013,"featured_media":106140,"comment_status":"open","ping_status":"closed","sticky":false,"template":"","format":"standard","meta":{"footnotes":""},"categories":[241,235],"tags":[],"class_list":{"0":"post-106139","1":"post","2":"type-post","3":"status-publish","4":"format-standard","5":"has-post-thumbnail","7":"category-aktualitet","8":"category-vendi"},"_links":{"self":[{"href":"https:\/\/zjarr.tv\/sq\/wp-json\/wp\/v2\/posts\/106139","targetHints":{"allow":["GET"]}}],"collection":[{"href":"https:\/\/zjarr.tv\/sq\/wp-json\/wp\/v2\/posts"}],"about":[{"href":"https:\/\/zjarr.tv\/sq\/wp-json\/wp\/v2\/types\/post"}],"author":[{"embeddable":true,"href":"https:\/\/zjarr.tv\/sq\/wp-json\/wp\/v2\/users\/2013"}],"replies":[{"embeddable":true,"href":"https:\/\/zjarr.tv\/sq\/wp-json\/wp\/v2\/comments?post=106139"}],"version-history":[{"count":0,"href":"https:\/\/zjarr.tv\/sq\/wp-json\/wp\/v2\/posts\/106139\/revisions"}],"wp:featuredmedia":[{"embeddable":true,"href":"https:\/\/zjarr.tv\/sq\/wp-json\/wp\/v2\/media\/106140"}],"wp:attachment":[{"href":"https:\/\/zjarr.tv\/sq\/wp-json\/wp\/v2\/media?parent=106139"}],"wp:term":[{"taxonomy":"category","embeddable":true,"href":"https:\/\/zjarr.tv\/sq\/wp-json\/wp\/v2\/categories?post=106139"},{"taxonomy":"post_tag","embeddable":true,"href":"https:\/\/zjarr.tv\/sq\/wp-json\/wp\/v2\/tags?post=106139"}],"curies":[{"name":"wp","href":"https:\/\/api.w.org\/{rel}","templated":true}]}}