{"id":106213,"date":"2019-09-11T22:20:23","date_gmt":"2019-09-11T20:20:23","guid":{"rendered":"https:\/\/zjarr.tv\/?p=106213"},"modified":"2019-09-11T16:14:13","modified_gmt":"2019-09-11T14:14:13","slug":"engel-apel-presidentit-trump-zevendesi-i-bolton-ruajtes-i-vlerave-te-politikes-se-jashtme-amerikane","status":"publish","type":"post","link":"https:\/\/zjarr.tv\/sq\/engel-apel-presidentit-trump-zevendesi-i-bolton-ruajtes-i-vlerave-te-politikes-se-jashtme-amerikane\/","title":{"rendered":"Engel apel presidentit Trump: \u2018Z\u00ebvend\u00ebsi i Bolton, ruajt\u00ebs i vlerave t\u00eb politik\u00ebs s\u00eb jashtme amerikane\u2019"},"content":{"rendered":"<p>Kryetari i Komitetit t\u00eb Pun\u00ebve t\u00eb Jashtme n\u00eb Dhom\u00ebn e P\u00ebrfaq\u00ebsuesve, Eliot Engel b\u00ebri thirrje q\u00eb Presidenti Donald Trump t\u00eb em\u00ebronte sa m\u00eb shpejt n\u00eb vend t\u00eb John Boltonit, nj\u00eb K\u00ebshilltar t\u00eb ri Komb\u00ebtar t\u00eb Siguris\u00eb q\u00eb respekton vlerat tradicionale amerikane.<\/p>\n<p>\u201cPresidenti duhet t\u00eb caktoj\u00eb menj\u00ebher\u00eb nj\u00eb z\u00ebvend\u00ebs t\u00eb kualifikuar, i cili respekton t\u00eb drejtat e njeriut, mb\u00ebshtet diplomacin\u00eb dhe zhvillimin, si dhe q\u00eb e kupton se aleancat dhe angazhimi jan\u00eb shtylla t\u00eb politik\u00ebs s\u00eb jashtme amerikane\u201d, shkroi kongresisti Engel n\u00eb rrjetin social Twiter.<\/p>\n<div class=\"in-artile-read-more\"><\/div>\n<div id=\"rekl-13\">\n<div id=\"__sap-ad-15\" class=\"__sap-ads __sap-html tracked\" data-title=\"Credins desktop 08\"><ins><\/p>\n<div id=\"beacon_33316c8f7e\"><img loading=\"lazy\" decoding=\"async\" src=\"https:\/\/ads1.medium.al\/www\/delivery\/lg.php?bannerid=373&amp;campaignid=48&amp;zoneid=182&amp;loc=https%3A%2F%2Fwww.syri.net%2Fbote%2F279616%2Fengel-apel-presidentit-trump-zevendesi-i-bolton-ruajtes-i-vlerave-te-politikes-se-jashtme-amerikane%2F&amp;referer=https%3A%2F%2Fwww.syri.net%2Fbote%2F&amp;cb=33316c8f7e\" alt=\"\" width=\"0\" height=\"0\" \/><\/div>\n<p><\/ins><\/div>\n<\/div>\n<div class=\"SandboxRoot env-bp-350\" data-twitter-event-id=\"0\">\n<div id=\"twitter-widget-0\" class=\"EmbeddedTweet EmbeddedTweet--cta js-clickToOpenTarget\" lang=\"en\" data-click-to-open-target=\"https:\/\/twitter.com\/RepEliotEngel\/status\/1171503002877718528\" data-iframe-title=\"Twitter Tweet\" data-scribe=\"page:tweet\" data-twitter-event-id=\"1\">\n<div class=\"EmbeddedTweet-tweetContainer\">\n<div class=\"EmbeddedTweet-tweet\">\n<blockquote class=\"Tweet h-entry js-tweetIdInfo subject expanded\" cite=\"https:\/\/twitter.com\/RepEliotEngel\/status\/1171503002877718528\" data-tweet-id=\"1171503002877718528\" data-scribe=\"section:subject\">\n<div class=\"Tweet-header\">\n<div class=\"TweetAuthor js-inViewportScribingTarget\" data-scribe=\"component:author\">\n<div class=\"TweetAuthor-nameScreenNameContainer\">\n<div class=\"Icon Icon--verified \" title=\"Verified Account\" role=\"img\" aria-label=\"Verified Account\"><\/div>\n<\/div>\n<\/div>\n<div class=\"Tweet-brand\">\n<div class=\"Icon Icon--twitter \" title=\"View on Twitter\" role=\"presentation\" aria-label=\"View on Twitter\"><\/div>\n<\/div>\n<\/div>\n<div class=\"Tweet-body e-entry-content\" data-scribe=\"component:tweet\">\n<div class=\"Tweet-target js-inViewportScribingTarget\"><\/div>\n<p class=\"Tweet-text e-entry-title\" dir=\"ltr\" lang=\"en\">The President needs to immediately appoint a qualified replacement who respects <a class=\"PrettyLink hashtag customisable\" dir=\"ltr\" href=\"https:\/\/twitter.com\/hashtag\/HumanRights?src=hash\" rel=\"tag\" data-query-source=\"hashtag_click\" data-scribe=\"element:hashtag\"><span class=\"PrettyLink-prefix\">#<\/span><span class=\"PrettyLink-value\">HumanRights<\/span><\/a> and <a class=\"PrettyLink hashtag customisable\" dir=\"ltr\" href=\"https:\/\/twitter.com\/hashtag\/democracy?src=hash\" rel=\"tag\" data-query-source=\"hashtag_click\" data-scribe=\"element:hashtag\"><span class=\"PrettyLink-prefix\">#<\/span><span class=\"PrettyLink-value\">democracy<\/span><\/a>, supports diplomacy and development, and recognizes that alliances and engagement are pillars of American foreign policy. <a class=\"link customisable\" dir=\"ltr\" title=\"https:\/\/twitter.com\/HouseForeign\/status\/1171498500573388800\" href=\"https:\/\/t.co\/fFVN5atTlG\" target=\"_blank\" rel=\"nofollow noopener noreferrer\" data-expanded-url=\"https:\/\/twitter.com\/HouseForeign\/status\/1171498500573388800\" data-tweet-id=\"1171498500573388800\" data-tweet-item-type=\"23\" data-scribe=\"element:url\"><span class=\"u-hiddenVisually\">https:\/\/<\/span>twitter.com\/HouseForeign\/s<span class=\"u-hiddenVisually\">tatus\/1171498500573388800\u00a0<\/span>\u2026<\/a><\/p>\n<div class=\"Tweet-card\">\n<div class=\"QuoteTweet\" tabindex=\"0\" data-scribe=\"section:quote\">\n<div class=\"QuoteTweet-nonMediaContainer\">\n<div class=\"TweetAuthor js-inViewportScribingTarget TweetAuthor--oneLine\" data-scribe=\"component:author\">\n<div class=\"TweetAuthor-nameScreenNameContainer\">\n<div class=\"Icon Icon--verified \" title=\"Verified Account\" role=\"img\" aria-label=\"Verified Account\"><\/div>\n<\/div>\n<\/div>\n<div><\/div>\n<p class=\"QuoteTweet-text e-entry-title\" dir=\"ltr\" lang=\"en\">&#8220;This firing of the national security advisor is just the latest reminder that the Trump Administration&#8217;s foreign policy is in complete disarray.&#8221;<\/p>\n<p>Read Chairman <span class=\"PrettyLink-prefix\">@<\/span><span class=\"PrettyLink-value\">RepEliotEngel<\/span>&#8216;s statement on the firing of John Bolton:<span class=\"u-hiddenVisually\">https:\/\/<\/span>foreignaffairs.house.gov\/2019\/9\/engel-s<span class=\"u-hiddenVisually\">tatement-on-firing-of-john-bolton\u00a0<\/span>\u2026<\/p>\n<\/div>\n<\/div>\n<\/div>\n<div class=\"TweetInfo\">\n<div class=\"TweetInfo-like\">\n<div data-scribe=\"element:heart\">\n<div class=\"Icon Icon--heart \" title=\"Like\" role=\"img\" aria-label=\"Like\"><\/div>\n<\/div>\n<p><a class=\"TweetInfo-heart\" title=\"Like\" href=\"https:\/\/twitter.com\/intent\/like?tweet_id=1171503002877718528\" data-scribe=\"component:actions\"><span class=\"TweetInfo-heartStat\" data-scribe=\"element:heart_count\">29<\/span><\/a><\/div>\n<div class=\"TweetInfo-timeGeo\"><a class=\"u-linkBlend u-url customisable-highlight long-permalink\" href=\"https:\/\/twitter.com\/RepEliotEngel\/status\/1171503002877718528\" data-datetime=\"2019-09-10T19:17:36+0000\" data-scribe=\"element:full_timestamp\"><time class=\"dt-updated\" title=\"Time posted: September 10, 2019 19:17:36 (UTC)\" datetime=\"2019-09-10T19:17:36+0000\">9:17 PM &#8211; Sep 10, 2019<\/time><\/a><\/div>\n<div class=\"tweet-InformationCircle\" data-scribe=\"element:notice\"><a class=\"Icon Icon--informationCircleWhite js-inViewportScribingTarget\" title=\"Twitter Ads info and privacy\" href=\"https:\/\/support.twitter.com\/articles\/20175256\"><span class=\"u-hiddenVisually\">Twitter Ads info and privacy<\/span><\/a><\/div>\n<\/div>\n<\/div>\n<\/blockquote>\n<\/div>\n<div class=\"CallToAction-icon\" data-scribe=\"element:profile_icon\">\n<div class=\"Icon Icon--profileCTA \" title=\"View profile on Twitter\" role=\"img\" aria-label=\"View profile on Twitter\"><\/div>\n<\/div>\n<div class=\"CallToAction-text\" data-scribe=\"element:profile_text\"><\/div>\n<div class=\"CallToAction-chevron\" data-scribe=\"element:cta_chevron\"><\/div>\n<\/div>\n<\/div>\n<\/div>\n","protected":false},"excerpt":{"rendered":"<p>Kryetari i Komitetit t\u00eb Pun\u00ebve t\u00eb Jashtme n\u00eb Dhom\u00ebn e P\u00ebrfaq\u00ebsuesve, Eliot Engel b\u00ebri thirrje q\u00eb Presidenti Donald Trump t\u00eb em\u00ebronte sa m\u00eb shpejt n\u00eb vend t\u00eb John Boltonit, nj\u00eb K\u00ebshilltar t\u00eb ri Komb\u00ebtar t\u00eb Siguris\u00eb q\u00eb respekton vlerat tradicionale amerikane. \u201cPresidenti duhet t\u00eb caktoj\u00eb menj\u00ebher\u00eb nj\u00eb z\u00ebvend\u00ebs t\u00eb kualifikuar, i cili respekton t\u00eb drejtat [&hellip;]<\/p>\n","protected":false},"author":2013,"featured_media":81872,"comment_status":"open","ping_status":"closed","sticky":false,"template":"","format":"standard","meta":{"footnotes":""},"categories":[241,191],"tags":[],"class_list":{"0":"post-106213","1":"post","2":"type-post","3":"status-publish","4":"format-standard","5":"has-post-thumbnail","7":"category-aktualitet","8":"category-bota"},"_links":{"self":[{"href":"https:\/\/zjarr.tv\/sq\/wp-json\/wp\/v2\/posts\/106213","targetHints":{"allow":["GET"]}}],"collection":[{"href":"https:\/\/zjarr.tv\/sq\/wp-json\/wp\/v2\/posts"}],"about":[{"href":"https:\/\/zjarr.tv\/sq\/wp-json\/wp\/v2\/types\/post"}],"author":[{"embeddable":true,"href":"https:\/\/zjarr.tv\/sq\/wp-json\/wp\/v2\/users\/2013"}],"replies":[{"embeddable":true,"href":"https:\/\/zjarr.tv\/sq\/wp-json\/wp\/v2\/comments?post=106213"}],"version-history":[{"count":0,"href":"https:\/\/zjarr.tv\/sq\/wp-json\/wp\/v2\/posts\/106213\/revisions"}],"wp:featuredmedia":[{"embeddable":true,"href":"https:\/\/zjarr.tv\/sq\/wp-json\/wp\/v2\/media\/81872"}],"wp:attachment":[{"href":"https:\/\/zjarr.tv\/sq\/wp-json\/wp\/v2\/media?parent=106213"}],"wp:term":[{"taxonomy":"category","embeddable":true,"href":"https:\/\/zjarr.tv\/sq\/wp-json\/wp\/v2\/categories?post=106213"},{"taxonomy":"post_tag","embeddable":true,"href":"https:\/\/zjarr.tv\/sq\/wp-json\/wp\/v2\/tags?post=106213"}],"curies":[{"name":"wp","href":"https:\/\/api.w.org\/{rel}","templated":true}]}}