{"id":106239,"date":"2019-09-11T16:50:24","date_gmt":"2019-09-11T14:50:24","guid":{"rendered":"https:\/\/zjarr.tv\/?p=106239"},"modified":"2019-09-11T16:50:24","modified_gmt":"2019-09-11T14:50:24","slug":"denoncimi-drejtori-i-portit-te-shengjinit-i-denuar-nga-gjykata","status":"publish","type":"post","link":"https:\/\/zjarr.tv\/sq\/denoncimi-drejtori-i-portit-te-shengjinit-i-denuar-nga-gjykata\/","title":{"rendered":"Denoncimi\/ Drejtori i Portit t\u00eb Sh\u00ebngjinit i d\u00ebnuar nga Gjykata"},"content":{"rendered":"<p>Nj\u00eb qytetar ka denoncuar drejtorin e Portit t\u00eb Sh\u00ebngjinit, Agustin Gjini, i cili ka qen\u00eb i d\u00ebnuar nga Gjykata e Lezh\u00ebs.<\/p>\n<p>Denoncimi \u00ebsht\u00eb b\u00ebr\u00eb publik edhe nga ish-kryeministri Berisha, i cili shkruan se \u2018Krimi dhe d\u00ebnimi nga gjykatat, kriter merite p\u00ebr tu rritur n\u00eb drejtor dhe m\u00eb lart\u00eb n\u00eb narkoshtetin e Edvin Mafis\u00eb!<\/p>\n<div id=\"rekl-28\"><\/div>\n<p>\u2018Krimi dhe d\u00ebnimi nga gjykatat, kriter merite p\u00ebr tu rritur n\u00eb drejtor dhe m\u00eb lart\u00eb n\u00eb narkoshtetin e Edvin Mafis\u00eb! Lexoni denoncimin e qytetarit dixhital p\u00ebr narko drejtorin e Portit t\u00eb Shengjinit. Sb\u2019<\/p>\n<div id=\"rekl-13\">\n<div id=\"__sap-ad-15\" class=\"__sap-ads __sap-html tracked\" data-title=\"Credins desktop 08\"><ins><\/p>\n<div id=\"beacon_3bf3587de6\"><img loading=\"lazy\" decoding=\"async\" src=\"https:\/\/ads1.medium.al\/www\/delivery\/lg.php?bannerid=373&amp;campaignid=48&amp;zoneid=182&amp;loc=https%3A%2F%2Fwww.syri.net%2Fpolitike%2F279734%2Fdenoncimi-drejtori-i-portit-te-shengjinit-i-denuar-nga-gjykata%2F&amp;referer=https%3A%2F%2Fwww.syri.net%2Flajme%2F&amp;cb=3bf3587de6\" alt=\"\" width=\"0\" height=\"0\" \/><\/div>\n<p><\/ins><\/div>\n<\/div>\n<p><img decoding=\"async\" src=\"https:\/\/www.syri.net\/uploads\/syri.net\/images\/2019\/September\/11\/auto_dr21568212203.jpg\" alt=\"Image\" \/><\/p>\n","protected":false},"excerpt":{"rendered":"<p>Nj\u00eb qytetar ka denoncuar drejtorin e Portit t\u00eb Sh\u00ebngjinit, Agustin Gjini, i cili ka qen\u00eb i d\u00ebnuar nga Gjykata e Lezh\u00ebs. Denoncimi \u00ebsht\u00eb b\u00ebr\u00eb publik edhe nga ish-kryeministri Berisha, i cili shkruan se \u2018Krimi dhe d\u00ebnimi nga gjykatat, kriter merite p\u00ebr tu rritur n\u00eb drejtor dhe m\u00eb lart\u00eb n\u00eb narkoshtetin e Edvin Mafis\u00eb! \u2018Krimi dhe [&hellip;]<\/p>\n","protected":false},"author":2013,"featured_media":106240,"comment_status":"open","ping_status":"closed","sticky":false,"template":"","format":"standard","meta":{"footnotes":""},"categories":[241,235],"tags":[],"class_list":{"0":"post-106239","1":"post","2":"type-post","3":"status-publish","4":"format-standard","5":"has-post-thumbnail","7":"category-aktualitet","8":"category-vendi"},"_links":{"self":[{"href":"https:\/\/zjarr.tv\/sq\/wp-json\/wp\/v2\/posts\/106239","targetHints":{"allow":["GET"]}}],"collection":[{"href":"https:\/\/zjarr.tv\/sq\/wp-json\/wp\/v2\/posts"}],"about":[{"href":"https:\/\/zjarr.tv\/sq\/wp-json\/wp\/v2\/types\/post"}],"author":[{"embeddable":true,"href":"https:\/\/zjarr.tv\/sq\/wp-json\/wp\/v2\/users\/2013"}],"replies":[{"embeddable":true,"href":"https:\/\/zjarr.tv\/sq\/wp-json\/wp\/v2\/comments?post=106239"}],"version-history":[{"count":0,"href":"https:\/\/zjarr.tv\/sq\/wp-json\/wp\/v2\/posts\/106239\/revisions"}],"wp:featuredmedia":[{"embeddable":true,"href":"https:\/\/zjarr.tv\/sq\/wp-json\/wp\/v2\/media\/106240"}],"wp:attachment":[{"href":"https:\/\/zjarr.tv\/sq\/wp-json\/wp\/v2\/media?parent=106239"}],"wp:term":[{"taxonomy":"category","embeddable":true,"href":"https:\/\/zjarr.tv\/sq\/wp-json\/wp\/v2\/categories?post=106239"},{"taxonomy":"post_tag","embeddable":true,"href":"https:\/\/zjarr.tv\/sq\/wp-json\/wp\/v2\/tags?post=106239"}],"curies":[{"name":"wp","href":"https:\/\/api.w.org\/{rel}","templated":true}]}}