{"id":106247,"date":"2019-09-11T17:02:33","date_gmt":"2019-09-11T15:02:33","guid":{"rendered":"https:\/\/zjarr.tv\/?p=106247"},"modified":"2019-09-11T17:02:33","modified_gmt":"2019-09-11T15:02:33","slug":"denoncim-droge-krime-dhe-tentativa-per-perdhunim-cfare-po-ndodh-ne-peshkopi","status":"publish","type":"post","link":"https:\/\/zjarr.tv\/sq\/denoncim-droge-krime-dhe-tentativa-per-perdhunim-cfare-po-ndodh-ne-peshkopi\/","title":{"rendered":"Denoncim\/ Drog\u00eb, krime dhe tentativa p\u00ebr p\u00ebrdhunim. \u00c7far\u00eb po ndodh n\u00eb Peshkopi?&#8230;"},"content":{"rendered":"<p>Ish-kryeministri Sali Berisha vijon me publikimin e denoncimeve n\u00eb Facebook.<\/p>\n<p>S\u00eb fundmi ai ka publikuar denoncimin e nj\u00eb qytetari q\u00eb flet p\u00ebr nj\u00eb situat\u00eb t\u00eb pazakont\u00eb n\u00eb Peshkopi.<\/p>\n<div class=\"in-artile-read-more\"><\/div>\n<p>Sipas asaj q\u00eb shkruan ish kryeministri, referuar qytetarit digjital, n\u00eb Peshkopi ka drog\u00eb, krime e tentativa p\u00ebr p\u00ebrdhunim, duke akuzuar ministrin e brendsh\u00ebm dhe drejtorin e Policis\u00eb se nuk marrin asnj\u00eb mas\u00eb.<\/p>\n<p>&#8220;Drog\u00eb dhe krime, tentativa p\u00ebr p\u00ebrdhunim n\u00eb Peshkopi! Gjeneral Hashashi, Ardi Eskobari, narkopolic\u00ebt e tyre b\u00ebjn\u00eb sehir!&#8221;, shkruan ish kryeministri Sali Berisha, nd\u00ebrsa publikon edhe mesazhin e qytetarit digjital.<\/p>\n<p>&#8220;<em>P\u00ebrsh. Zoti Berisha un\u00eb q\u00eb po ju shkruaj jam nga Peshkopia doja t\u00eb b\u00ebja nj\u00eb denoncim ne peshkopi gjat\u00eb nat\u00ebs mbushet plot me \u00e7una t\u00eb rinj q\u00eb rrin\u00eb rrug\u00ebve duke konsumuar drog\u00eb dhe hashash dhe q\u00eb policia e Peshkopis\u00eb as q\u00eb e merr p\u00ebr baz\u00eb fare k\u00ebt\u00eb fenomen. Sot n\u00eb m\u00ebngjes u tentua t\u00eb p\u00ebrdhunohet nj\u00eb fem\u00ebr punonj\u00ebse e pastrimit t\u00eb bashkis\u00eb nga disa t\u00eb ri t\u00eb droguar! Nuk ka fare kontroll p\u00ebr k\u00ebto t\u00eb rinj q\u00eb rrin\u00eb rrug\u00ebve duke u droguar! \u00cbsht\u00eb njoftuar edhe ministri Lleshi por policia fle gjum\u00eb&#8221;.<\/em><\/p>\n","protected":false},"excerpt":{"rendered":"<p>Ish-kryeministri Sali Berisha vijon me publikimin e denoncimeve n\u00eb Facebook. S\u00eb fundmi ai ka publikuar denoncimin e nj\u00eb qytetari q\u00eb flet p\u00ebr nj\u00eb situat\u00eb t\u00eb pazakont\u00eb n\u00eb Peshkopi. Sipas asaj q\u00eb shkruan ish kryeministri, referuar qytetarit digjital, n\u00eb Peshkopi ka drog\u00eb, krime e tentativa p\u00ebr p\u00ebrdhunim, duke akuzuar ministrin e brendsh\u00ebm dhe drejtorin e Policis\u00eb [&hellip;]<\/p>\n","protected":false},"author":2013,"featured_media":38161,"comment_status":"open","ping_status":"closed","sticky":false,"template":"","format":"standard","meta":{"footnotes":""},"categories":[241,235],"tags":[],"class_list":{"0":"post-106247","1":"post","2":"type-post","3":"status-publish","4":"format-standard","5":"has-post-thumbnail","7":"category-aktualitet","8":"category-vendi"},"_links":{"self":[{"href":"https:\/\/zjarr.tv\/sq\/wp-json\/wp\/v2\/posts\/106247","targetHints":{"allow":["GET"]}}],"collection":[{"href":"https:\/\/zjarr.tv\/sq\/wp-json\/wp\/v2\/posts"}],"about":[{"href":"https:\/\/zjarr.tv\/sq\/wp-json\/wp\/v2\/types\/post"}],"author":[{"embeddable":true,"href":"https:\/\/zjarr.tv\/sq\/wp-json\/wp\/v2\/users\/2013"}],"replies":[{"embeddable":true,"href":"https:\/\/zjarr.tv\/sq\/wp-json\/wp\/v2\/comments?post=106247"}],"version-history":[{"count":0,"href":"https:\/\/zjarr.tv\/sq\/wp-json\/wp\/v2\/posts\/106247\/revisions"}],"wp:featuredmedia":[{"embeddable":true,"href":"https:\/\/zjarr.tv\/sq\/wp-json\/wp\/v2\/media\/38161"}],"wp:attachment":[{"href":"https:\/\/zjarr.tv\/sq\/wp-json\/wp\/v2\/media?parent=106247"}],"wp:term":[{"taxonomy":"category","embeddable":true,"href":"https:\/\/zjarr.tv\/sq\/wp-json\/wp\/v2\/categories?post=106247"},{"taxonomy":"post_tag","embeddable":true,"href":"https:\/\/zjarr.tv\/sq\/wp-json\/wp\/v2\/tags?post=106247"}],"curies":[{"name":"wp","href":"https:\/\/api.w.org\/{rel}","templated":true}]}}