{"id":106260,"date":"2019-09-12T11:24:02","date_gmt":"2019-09-12T09:24:02","guid":{"rendered":"https:\/\/zjarr.tv\/?p=106260"},"modified":"2019-09-12T11:24:02","modified_gmt":"2019-09-12T09:24:02","slug":"bushati-ne-kuvend-po-perjetojme-krize-vlerash-te-ardhurat-jane-perqendruar-ne-nje-grusht-njerezish","status":"publish","type":"post","link":"https:\/\/zjarr.tv\/sq\/bushati-ne-kuvend-po-perjetojme-krize-vlerash-te-ardhurat-jane-perqendruar-ne-nje-grusht-njerezish\/","title":{"rendered":"Bushati n\u00eb Kuvend: Po p\u00ebrjetojm\u00eb kriz\u00eb vlerash, t\u00eb ardhurat jan\u00eb p\u00ebrq\u00ebndruar n\u00eb nj\u00eb grusht njer\u00ebzish"},"content":{"rendered":"<p>Nga foltorja e kuvendit deputeti Ditmir Bushati ngriti shqet\u00ebsimin p\u00ebr situat\u00ebn n\u00eb t\u00eb cil\u00ebn po kalon vendi: Kriz\u00eb vlerash, gryk\u00ebsi, pafytyr\u00ebsi dhe p\u00ebrq\u00ebndrim i t\u00eb ardhurave p\u00ebr nj\u00eb grusht njer\u00ebzish.<\/p>\n<p>Bushati b\u00ebri thirrje p\u00ebr dakord\u00ebsi p\u00ebr t\u00eb p\u00ebrcaktuar q\u00ebllimet e shtetit p\u00ebr shum\u00eb vite m\u00eb tej.<\/p>\n<p><em>&#8220;Po p\u00ebrjetojm\u00eb kriz\u00ebs vlerash, jo nga mungesa e t\u00eb mirave por nga mpirja q\u00eb sjell mungesa e shpres\u00ebs. Vjen nga gryk\u00ebsia dhe pafytyr\u00ebsia dhe paaft\u00ebsia p\u00ebr t\u00eb nd\u00ebrtuar nj\u00eb sistem vlerash&#8221;<\/em><\/p>\n<p><em>Po p\u00ebrjetojm\u00eb kriz\u00ebs vlerash, jo nga mungesa e t\u00eb mirave por nga mpirja q\u00eb sjell mungesa e shpres\u00ebs. Vjen nga gryk\u00ebsia dhe pafytyr\u00ebsia dhe paaft\u00ebsia p\u00ebr t\u00eb nd\u00ebrtuar nj\u00eb sistem vlerash&#8221;<\/em><\/p>\n<p><em>Na duhet t\u00eb nd\u00ebrtojm\u00eb nj\u00eb sistem vlerash ..nuk mund t\u00eb p\u00ebrdorim patriotiz\u00ebm fals. Na duhet t\u00eb biem dakord bashk\u00eb e t\u00eb p\u00ebrcaktojm\u00eb cilat jan\u00eb q\u00ebllimet e vendit ton\u00eb&#8230; ku do t\u00eb jet\u00eb Shqip\u00ebria dhe \u00e7far\u00eb toke do t\u00eb jet\u00eb<\/em><\/p>\n<p><em>Izraeli nj\u00eb vend n\u00eb mes shkret\u00ebtir\u00ebs \u00ebsht\u00eb vendi m\u00eb i zhvillur n\u00eb bot\u00eb, sepse izraelit\u00ebt vendos\u00ebn nj\u00eb q\u00ebllim. Nj\u00eb objektiv k\u00ebrkuan q\u00eb vendin e tyre ta b\u00ebjn\u00eb vendin e dijes.<\/em><\/p>\n<p><em>Jan\u00eb t\u00eb domosdoshme objektivat q\u00eb duhet t\u00eb p\u00ebrcaktoj\u00eb nj\u00eb kombi jan\u00eb t\u00eb domosdoshme dhe n\u00eb k\u00ebto objektiva duhet t\u00eb p\u00ebrfshihet dhe diaspora.<\/em><\/p>\n<p><em>Miq mos harroni\u00a0<\/em><em>Evropa ka jetuar 550 vjet pa Shqip\u00ebrin\u00eb mund t\u00eb jetoj\u00eb dhe 500 vite t\u00eb tjera..po ne a do ja falim vetes. N\u00ebse ne do ia falim vetes \u00e7far\u00eb do t\u00eb thon\u00eb f\u00ebmij\u00ebt tan\u00eb.\u00a0<\/em><\/p>\n<p><em>&#8230;Nuk \u00ebsht\u00eb c\u00ebshtje e majte e djatht\u00eb.. m\u00eb shqet\u00ebson p\u00ebrq\u00ebndrimi i t\u00eb ardhurave n\u00eb nj\u00eb grusht njer\u00ebzish<\/em><\/p>\n","protected":false},"excerpt":{"rendered":"<p>Nga foltorja e kuvendit deputeti Ditmir Bushati ngriti shqet\u00ebsimin p\u00ebr situat\u00ebn n\u00eb t\u00eb cil\u00ebn po kalon vendi: Kriz\u00eb vlerash, gryk\u00ebsi, pafytyr\u00ebsi dhe p\u00ebrq\u00ebndrim i t\u00eb ardhurave p\u00ebr nj\u00eb grusht njer\u00ebzish. Bushati b\u00ebri thirrje p\u00ebr dakord\u00ebsi p\u00ebr t\u00eb p\u00ebrcaktuar q\u00ebllimet e shtetit p\u00ebr shum\u00eb vite m\u00eb tej. &#8220;Po p\u00ebrjetojm\u00eb kriz\u00ebs vlerash, jo nga mungesa e t\u00eb [&hellip;]<\/p>\n","protected":false},"author":4,"featured_media":80363,"comment_status":"open","ping_status":"closed","sticky":false,"template":"","format":"standard","meta":{"footnotes":""},"categories":[241,231,235],"tags":[],"class_list":{"0":"post-106260","1":"post","2":"type-post","3":"status-publish","4":"format-standard","5":"has-post-thumbnail","7":"category-aktualitet","8":"category-lajme","9":"category-vendi"},"_links":{"self":[{"href":"https:\/\/zjarr.tv\/sq\/wp-json\/wp\/v2\/posts\/106260","targetHints":{"allow":["GET"]}}],"collection":[{"href":"https:\/\/zjarr.tv\/sq\/wp-json\/wp\/v2\/posts"}],"about":[{"href":"https:\/\/zjarr.tv\/sq\/wp-json\/wp\/v2\/types\/post"}],"author":[{"embeddable":true,"href":"https:\/\/zjarr.tv\/sq\/wp-json\/wp\/v2\/users\/4"}],"replies":[{"embeddable":true,"href":"https:\/\/zjarr.tv\/sq\/wp-json\/wp\/v2\/comments?post=106260"}],"version-history":[{"count":0,"href":"https:\/\/zjarr.tv\/sq\/wp-json\/wp\/v2\/posts\/106260\/revisions"}],"wp:featuredmedia":[{"embeddable":true,"href":"https:\/\/zjarr.tv\/sq\/wp-json\/wp\/v2\/media\/80363"}],"wp:attachment":[{"href":"https:\/\/zjarr.tv\/sq\/wp-json\/wp\/v2\/media?parent=106260"}],"wp:term":[{"taxonomy":"category","embeddable":true,"href":"https:\/\/zjarr.tv\/sq\/wp-json\/wp\/v2\/categories?post=106260"},{"taxonomy":"post_tag","embeddable":true,"href":"https:\/\/zjarr.tv\/sq\/wp-json\/wp\/v2\/tags?post=106260"}],"curies":[{"name":"wp","href":"https:\/\/api.w.org\/{rel}","templated":true}]}}