{"id":106264,"date":"2019-09-12T11:26:12","date_gmt":"2019-09-12T09:26:12","guid":{"rendered":"https:\/\/zjarr.tv\/?p=106264"},"modified":"2019-09-12T11:26:12","modified_gmt":"2019-09-12T09:26:12","slug":"murrizi-pyet-mazhorancen-keni-shtrire-dore-bashkepunimi-apo-mashtrimi-zgjuat-dhe-venecian-nga-gjumi","status":"publish","type":"post","link":"https:\/\/zjarr.tv\/sq\/murrizi-pyet-mazhorancen-keni-shtrire-dore-bashkepunimi-apo-mashtrimi-zgjuat-dhe-venecian-nga-gjumi\/","title":{"rendered":"Murrizi pyet mazhoranc\u00ebn: Keni shtrir\u00eb dor\u00eb bashk\u00ebpunimi apo mashtrimi? Zgjuat dhe Venecian nga gjumi"},"content":{"rendered":"<p>Deputeti, Myslim Murrizi, risolli n\u00eb Kuvend edhe nj\u00ebher\u00eb debatin p\u00ebr garantimin e t\u00eb drejt\u00ebs s\u00eb vot\u00ebs p\u00ebr diaspor\u00ebn.<\/p>\n<p>Duke u shprehur pro garantimit t\u00eb k\u00ebsaj t\u00eb drejte, Murrizi tha se fillimisht duhet t\u00eb garantohen zgjedhjet e lira dhe t\u00eb ndershme p\u00ebr shqiptar\u00ebt q\u00eb jetojn\u00eb n\u00eb Shqip\u00ebri, duke kujtuar se n\u00eb 30 qershor u mbajt\u00ebn votime dhe jo zgjedhje.<\/p>\n<p>Murrizi nuk la pa thumbuar edhe ftes\u00ebn e mazhorac\u00ebs p\u00ebr opozit\u00ebn lidhur me reform\u00ebn zgjedhore, duke aluduar p\u00ebr nj\u00eb pazar t\u00eb mundsh\u00ebm mes tyre.<\/p>\n<p>Deklaratat Murrizi i b\u00ebri nd\u00ebrsa n\u00eb Kuvend po diskutohej projektligji &#8220;P\u00ebr ratifikimin e marr\u00ebveshjes, p\u00ebr mbrojtjen shoq\u00ebrore, nd\u00ebrmjet Republik\u00ebs s\u00eb Shqip\u00ebris\u00eb dhe Kanadas\u00eb&#8221;.<\/p>\n<p><strong><em>Myslim Murrizi:\u00a0<\/em><\/strong><em>70 mij\u00eb shqiptar\u00eb thot\u00eb Ministrja jetojn\u00eb n\u00eb Kanada.Po sa jetojn\u00eb n\u00eb Greqi, Itali, Franc\u00eb,Gjermani, \u00a0Amerik\u00eb dhe kudo n\u00eb \u00e7do skaj t\u00eb globit t\u00eb ikur dhe shtegtuar n\u00eb k\u00ebto 20 vjet post-komuniz\u00ebm? A ka ndonj\u00eb shif\u00ebr t\u00eb sakt\u00eb ndoshta ministri i Diaspor\u00ebs? Kjo b\u00ebhet enkas p\u00ebr shqiptar\u00ebt q\u00eb jetojn\u00eb n\u00eb Kanada apo dhe p\u00ebr kanadez\u00ebt q\u00eb jetojn\u00eb n\u00eb Shqip\u00ebri?Kjo shif\u00ebr nuk zvog\u00eblohet por vjen \u00e7do dit\u00eb duke u rritur.\u00a0<\/em><\/p>\n<p><em>Tu japim dhe t\u00eb drejt\u00eb vote tha Hysi, patjet\u00ebr.Jan\u00eb gati 2 milion shqiptar\u00eb, m\u00eb shum\u00eb se 1.5 milion\u00eb votues jasht\u00eb shtetit. Po ti shikosh k\u00ebtu 50 me 50 \u00ebsht\u00eb.Po ta keni k\u00ebt\u00eb vullnet, besoj se para se t&#8217;ua japim me letra dhe ligj t\u00eb drejt\u00ebn e t\u00eb votuarit k\u00ebtur shqiptar\u00ebt q\u00eb jan\u00eb jasht\u00eb t&#8217;ja u krijojm\u00eb k\u00ebt\u00eb mund\u00ebsi q\u00eb t\u00eb votojn\u00eb dhe zgjedhin edhe k\u00ebtyre shqiptar\u00ebve q\u00eb jan\u00eb brenda. Shoh q\u00eb nuk e keni qejf. N\u00eb \u00e7do dalje publike flisni p\u00ebr dor\u00eb t\u00eb shtrir\u00eb, a dor\u00eb bosh, a dor\u00eb me trast\u00eb pas dore nuk e marr vesh, p\u00ebr dor\u00eb t\u00eb shtrir\u00eb p\u00ebr sivllez\u00ebrit tuaj q\u00eb n\u00eb k\u00ebt\u00eb sall\u00eb n\u00eb prill t\u00eb 2008 ja hoq\u00ebt mund\u00ebsin\u00eb shqiptar\u00ebve p\u00ebr t\u00eb zgjedhur, ju lat\u00eb mund\u00ebsi vet\u00ebm p\u00ebr t\u00eb votyar.\u00a0<\/em><\/p>\n<p><em>U thoni me detyrim p\u00ebrcaktim do t\u00eb votoni k\u00ebto fytyra q\u00eb u japin 2 apo 3 pronar\u00ebt e k\u00ebsaj salle prej 12 vitesh. \u00c7far\u00eb zgjedhin shqiptar\u00ebt nga 2009 e k\u00ebtej? Kush ka ardhur n\u00eb k\u00ebt\u00eb sall\u00eb nga vota e shqiptar\u00ebve drejt\u00ebp\u00ebrdrejt\u00eb? Ju shoh q\u00eb jeni t\u00eb synetosur nga gjuha kur vjen puna p\u00ebr tu dh\u00ebn\u00eb shqiptar\u00ebve t\u00eb drejt\u00ebn p\u00ebr t\u00eb zgjedhur.B\u00ebni vet\u00ebm votime, nostalgjia e regjimit t\u00eb xhaxhit si n\u00eb 30 qershor me nj\u00eb kandidat, ashtu dhe n\u00eb 2009, 2017. N\u00ebse flisni p\u00ebr vot\u00eb t\u00eb lir\u00eb dhe zgjedhje jam dakord q\u00eb t\u00eb votojn\u00eb dhe k\u00ebta shqiptar\u00eb q\u00eb jan\u00eb jasht\u00eb.<\/em><\/p>\n<p><em>Edhe Taulanti, edhe Rama thon\u00eb q\u00eb ja kemi shtri dor\u00ebn k\u00ebtyre q\u00eb vin\u00eb v\u00ebrdall\u00eb n\u00eb institucion, nj\u00eb her\u00eb n\u00eb muaj marrin er\u00eb se kur do t&#8217;ja shijojn\u00eb er\u00ebn nga brenda. Keni shtrir\u00eb dor\u00eb bashk\u00ebpunimi apo dor\u00eb mashtrimi se kurr\u00eb nuk keni b\u00ebr\u00eb marr\u00ebveshje vet\u00ebm pazare n\u00eb kurriz t\u00eb qytetar\u00ebve shqiptar\u00eb. Keni shtri dor\u00eb apo xhake, tendera, thes? Falja e 61 bashkive n\u00eb 30 qershor nuk ishte kauz\u00eb politike e shqiptar\u00ebve q\u00eb jetojn\u00eb k\u00ebtu. Ishte pazar i dor\u00ebs s\u00eb shtrir\u00eb me trast\u00eb pas dore.<\/em><\/p>\n<p><em>Nxitoni tu krijojm\u00eb mund\u00ebsin\u00eb qytetar\u00ebve q\u00eb jan\u00eb k\u00ebtu t\u00eb votojn\u00eb p\u00ebr ata q\u00eb flasin n\u00eb em\u00ebr t\u00eb qytetar\u00ebve dhe ata q\u00eb b\u00ebjn\u00eb ligjin n\u00eb em\u00ebr t\u00eb qytetar\u00ebve shqiptar\u00eb n\u00eb k\u00ebt\u00eb sall\u00eb. Dora e shtrir\u00eb, pazaret e pista n\u00eb kurriz t\u00eb qytetar\u00ebve shqiptar\u00eb p\u00ebr interesa t\u00eb ngushta dhe p\u00ebr tu rreshtuar kurriz m\u00eb kurriz me nj\u00ebri-tjetrin p\u00ebr t&#8217;ju ruajtur asaj q\u00eb po vjen, nuk i hyn n\u00eb pun\u00eb qytetar\u00ebve shqiptar\u00eb.\u00a0<\/em><\/p>\n<p><em>Ndaj me demagogjira q\u00eb keni nj\u00eb karrige bosh me t\u00eb drejt\u00eb vote e u detyruat t\u00eb shkretit t\u00eb ngrihen q\u00eb n\u00eb pes\u00eb e gjysm\u00eb t\u00eb m\u00ebngjesit t\u00eb zgjojn\u00eb nga gjumi Komisionin e Venecias, i prisnin te dera, se i kishit th\u00ebn\u00eb ju p\u00ebr dor\u00ebn e shtrir\u00eb dhe ata donin t\u00eb b\u00ebnin foto se s&#8217;b\u00ebn q\u00eb i takuan ata p\u00ebr betej\u00ebn q\u00eb keni mes atij q\u00eb keni zgjedhur vet\u00eb n\u00eb k\u00ebt\u00eb sall\u00eb \u00ebsht\u00eb jo n\u00eb funksion t\u00eb interesave t\u00eb qytetar\u00ebve t\u00eb k\u00ebtij vendi.<\/em><\/p>\n<p><em>Po desh\u00ebt hajde ta fillojm\u00eb aty ku fillon themelet shteti dhe pushteti, tek vota e qytetar\u00ebve shqiptar\u00eb. T&#8217;ju japim mund\u00ebsi t\u00eb zgjedhin jo t\u00eb votojn\u00eb, boll kan\u00eb votu nga &#8217;48 deri n\u00eb &#8217;90-\u00ebn. Mos u tallni m\u00eb me ta. Po s&#8217;qet ngop edhe k\u00ebto tre mandate q\u00eb i keni detyru prap t\u00eb votojn\u00eb nj\u00eblloj si 45 vjet kurr\u00eb mos u ngopshi.<\/em><\/p>\n","protected":false},"excerpt":{"rendered":"<p>Deputeti, Myslim Murrizi, risolli n\u00eb Kuvend edhe nj\u00ebher\u00eb debatin p\u00ebr garantimin e t\u00eb drejt\u00ebs s\u00eb vot\u00ebs p\u00ebr diaspor\u00ebn. Duke u shprehur pro garantimit t\u00eb k\u00ebsaj t\u00eb drejte, Murrizi tha se fillimisht duhet t\u00eb garantohen zgjedhjet e lira dhe t\u00eb ndershme p\u00ebr shqiptar\u00ebt q\u00eb jetojn\u00eb n\u00eb Shqip\u00ebri, duke kujtuar se n\u00eb 30 qershor u mbajt\u00ebn votime [&hellip;]<\/p>\n","protected":false},"author":4,"featured_media":79751,"comment_status":"open","ping_status":"closed","sticky":false,"template":"","format":"standard","meta":{"footnotes":""},"categories":[241,231,235],"tags":[],"class_list":{"0":"post-106264","1":"post","2":"type-post","3":"status-publish","4":"format-standard","5":"has-post-thumbnail","7":"category-aktualitet","8":"category-lajme","9":"category-vendi"},"_links":{"self":[{"href":"https:\/\/zjarr.tv\/sq\/wp-json\/wp\/v2\/posts\/106264","targetHints":{"allow":["GET"]}}],"collection":[{"href":"https:\/\/zjarr.tv\/sq\/wp-json\/wp\/v2\/posts"}],"about":[{"href":"https:\/\/zjarr.tv\/sq\/wp-json\/wp\/v2\/types\/post"}],"author":[{"embeddable":true,"href":"https:\/\/zjarr.tv\/sq\/wp-json\/wp\/v2\/users\/4"}],"replies":[{"embeddable":true,"href":"https:\/\/zjarr.tv\/sq\/wp-json\/wp\/v2\/comments?post=106264"}],"version-history":[{"count":0,"href":"https:\/\/zjarr.tv\/sq\/wp-json\/wp\/v2\/posts\/106264\/revisions"}],"wp:featuredmedia":[{"embeddable":true,"href":"https:\/\/zjarr.tv\/sq\/wp-json\/wp\/v2\/media\/79751"}],"wp:attachment":[{"href":"https:\/\/zjarr.tv\/sq\/wp-json\/wp\/v2\/media?parent=106264"}],"wp:term":[{"taxonomy":"category","embeddable":true,"href":"https:\/\/zjarr.tv\/sq\/wp-json\/wp\/v2\/categories?post=106264"},{"taxonomy":"post_tag","embeddable":true,"href":"https:\/\/zjarr.tv\/sq\/wp-json\/wp\/v2\/tags?post=106264"}],"curies":[{"name":"wp","href":"https:\/\/api.w.org\/{rel}","templated":true}]}}