{"id":106273,"date":"2019-09-12T13:32:07","date_gmt":"2019-09-12T11:32:07","guid":{"rendered":"https:\/\/zjarr.tv\/?p=106273"},"modified":"2019-09-12T13:32:07","modified_gmt":"2019-09-12T11:32:07","slug":"lule-dhe-nderim-tek-varri-i-heroit-te-demokracise-azem-hajdari","status":"publish","type":"post","link":"https:\/\/zjarr.tv\/sq\/lule-dhe-nderim-tek-varri-i-heroit-te-demokracise-azem-hajdari\/","title":{"rendered":"Lule dhe nderim tek varri i Heroit t\u00eb Demokracis\u00eb, Azem Hajdari"},"content":{"rendered":"<p>Drejtuesit e lart\u00eb t\u00eb Partis\u00eb Demokratike kan\u00eb\u00a0 ndjekur sot ceremonin\u00eb\u00a0perkujtimore n\u00eb Varrezat e D\u00ebshmor\u00ebve n\u00eb nder t\u00eb Heroit t\u00eb Demokracis\u00eb Azem Hajdari, i vrar\u00eb 21 vjet m\u00eb par\u00eb, s\u00eb bashku me familjen e tij, miq, dashamir\u00eb, q\u00eb luftuan dhe mb\u00ebshtet\u00ebn Hajdarin n\u00eb betej\u00ebn e tij p\u00ebr demokraci.<\/p>\n","protected":false},"excerpt":{"rendered":"<p>Drejtuesit e lart\u00eb t\u00eb Partis\u00eb Demokratike kan\u00eb\u00a0 ndjekur sot ceremonin\u00eb\u00a0perkujtimore n\u00eb Varrezat e D\u00ebshmor\u00ebve n\u00eb nder t\u00eb Heroit t\u00eb Demokracis\u00eb Azem Hajdari, i vrar\u00eb 21 vjet m\u00eb par\u00eb, s\u00eb bashku me familjen e tij, miq, dashamir\u00eb, q\u00eb luftuan dhe mb\u00ebshtet\u00ebn Hajdarin n\u00eb betej\u00ebn e tij p\u00ebr demokraci.<\/p>\n","protected":false},"author":2013,"featured_media":106275,"comment_status":"open","ping_status":"closed","sticky":false,"template":"","format":"standard","meta":{"footnotes":""},"categories":[241,235],"tags":[],"class_list":{"0":"post-106273","1":"post","2":"type-post","3":"status-publish","4":"format-standard","5":"has-post-thumbnail","7":"category-aktualitet","8":"category-vendi"},"_links":{"self":[{"href":"https:\/\/zjarr.tv\/sq\/wp-json\/wp\/v2\/posts\/106273","targetHints":{"allow":["GET"]}}],"collection":[{"href":"https:\/\/zjarr.tv\/sq\/wp-json\/wp\/v2\/posts"}],"about":[{"href":"https:\/\/zjarr.tv\/sq\/wp-json\/wp\/v2\/types\/post"}],"author":[{"embeddable":true,"href":"https:\/\/zjarr.tv\/sq\/wp-json\/wp\/v2\/users\/2013"}],"replies":[{"embeddable":true,"href":"https:\/\/zjarr.tv\/sq\/wp-json\/wp\/v2\/comments?post=106273"}],"version-history":[{"count":0,"href":"https:\/\/zjarr.tv\/sq\/wp-json\/wp\/v2\/posts\/106273\/revisions"}],"wp:featuredmedia":[{"embeddable":true,"href":"https:\/\/zjarr.tv\/sq\/wp-json\/wp\/v2\/media\/106275"}],"wp:attachment":[{"href":"https:\/\/zjarr.tv\/sq\/wp-json\/wp\/v2\/media?parent=106273"}],"wp:term":[{"taxonomy":"category","embeddable":true,"href":"https:\/\/zjarr.tv\/sq\/wp-json\/wp\/v2\/categories?post=106273"},{"taxonomy":"post_tag","embeddable":true,"href":"https:\/\/zjarr.tv\/sq\/wp-json\/wp\/v2\/tags?post=106273"}],"curies":[{"name":"wp","href":"https:\/\/api.w.org\/{rel}","templated":true}]}}