{"id":106278,"date":"2019-09-12T13:34:27","date_gmt":"2019-09-12T11:34:27","guid":{"rendered":"https:\/\/zjarr.tv\/?p=106278"},"modified":"2019-09-12T13:34:27","modified_gmt":"2019-09-12T11:34:27","slug":"nuk-e-di-kush-me-goditi-nga-pas-flet-shoferi-i-makines-se-blinduar-detaje-nga-deshmia","status":"publish","type":"post","link":"https:\/\/zjarr.tv\/sq\/nuk-e-di-kush-me-goditi-nga-pas-flet-shoferi-i-makines-se-blinduar-detaje-nga-deshmia\/","title":{"rendered":"\u2018Nuk e di kush me goditi nga pas&#8217;, flet shoferi i makin\u00ebs s\u00eb blinduar, detaje nga d\u00ebshmia."},"content":{"rendered":"<p>Detaje t\u00eb reja nga ngjarja e s\u00eb m\u00ebrkur\u00ebs mbr\u00ebma ku nj\u00eb makin\u00eb \u201cG Class\u201d e blinduar me targa ruse u p\u00ebrmbys pran\u00eb ish-rreth rrotullimit t\u00eb Shqiponj\u00ebs n\u00eb Laprak\u00eb.<\/p>\n<p>Rreth 1 or\u00eb pas aksidentit n\u00eb nj\u00eb spital privat \u00ebsht\u00eb paraqitur nj\u00eb 34-vje\u00e7ar i aksidentuar. Pasi ka marr\u00eb ndihm\u00ebn mjek\u00ebsore i aksidentuari, i cili u identifikua si Eldin Dergjini \u00ebsht\u00eb marre ne pyetje nga policia.<\/p>\n<div class=\"in-artile-read-more\"><\/div>\n<p>\u201cKam qen\u00eb duke ecur me makin\u00eb me nj\u00eb shpejt\u00ebsi normale. Me goditi nga pas nj\u00eb mjet tjet\u00ebr. Humba kontrollin dhe u p\u00ebrplasa me nj\u00eb bordur\u00eb dhe makina ime u batua n\u00eb rrug\u00eb. Nuk e pash\u00eb mjetin q\u00eb m\u00eb goditi. Pas aksidentit jam larguar n\u00eb k\u00ebmb\u00eb p\u00ebr pak metra dhe pastaj mora taksi dhe erdha n\u00eb spital\u201d.<\/p>\n<p>Makina e blinduar me targ\u00eb ruse H001CH 199 \u00ebsht\u00eb sjell\u00eb n\u00eb Drejtorin\u00eb e Tiran\u00ebs dhe i \u00ebsht\u00eb n\u00ebnshtruar nj\u00eb kontrolli t\u00eb imt\u00ebsish\u00ebm por nuk jan\u00eb gjetur sende t\u00eb paligjshme n\u00eb t\u00eb. I aksidentuari pretendon se makin\u00ebn e ka sjell\u00eb nga jasht\u00eb vendit dje nuk e ka pajisur ende me dokumentacion shqiptar.<\/p>\n<p>34-vje\u00e7ari \u00ebsht\u00eb person me precedent penal i arrestuar n\u00eb Shqip\u00ebri p\u00ebr kund\u00ebrshtim t\u00eb punonj\u00ebsit t\u00eb rendit publik dhe n\u00eb Itali p\u00ebr narkotik.<\/p>\n","protected":false},"excerpt":{"rendered":"<p>Detaje t\u00eb reja nga ngjarja e s\u00eb m\u00ebrkur\u00ebs mbr\u00ebma ku nj\u00eb makin\u00eb \u201cG Class\u201d e blinduar me targa ruse u p\u00ebrmbys pran\u00eb ish-rreth rrotullimit t\u00eb Shqiponj\u00ebs n\u00eb Laprak\u00eb. Rreth 1 or\u00eb pas aksidentit n\u00eb nj\u00eb spital privat \u00ebsht\u00eb paraqitur nj\u00eb 34-vje\u00e7ar i aksidentuar. Pasi ka marr\u00eb ndihm\u00ebn mjek\u00ebsore i aksidentuari, i cili u identifikua si [&hellip;]<\/p>\n","protected":false},"author":2013,"featured_media":106281,"comment_status":"open","ping_status":"closed","sticky":false,"template":"","format":"standard","meta":{"footnotes":""},"categories":[241,235],"tags":[],"class_list":{"0":"post-106278","1":"post","2":"type-post","3":"status-publish","4":"format-standard","5":"has-post-thumbnail","7":"category-aktualitet","8":"category-vendi"},"_links":{"self":[{"href":"https:\/\/zjarr.tv\/sq\/wp-json\/wp\/v2\/posts\/106278","targetHints":{"allow":["GET"]}}],"collection":[{"href":"https:\/\/zjarr.tv\/sq\/wp-json\/wp\/v2\/posts"}],"about":[{"href":"https:\/\/zjarr.tv\/sq\/wp-json\/wp\/v2\/types\/post"}],"author":[{"embeddable":true,"href":"https:\/\/zjarr.tv\/sq\/wp-json\/wp\/v2\/users\/2013"}],"replies":[{"embeddable":true,"href":"https:\/\/zjarr.tv\/sq\/wp-json\/wp\/v2\/comments?post=106278"}],"version-history":[{"count":0,"href":"https:\/\/zjarr.tv\/sq\/wp-json\/wp\/v2\/posts\/106278\/revisions"}],"wp:featuredmedia":[{"embeddable":true,"href":"https:\/\/zjarr.tv\/sq\/wp-json\/wp\/v2\/media\/106281"}],"wp:attachment":[{"href":"https:\/\/zjarr.tv\/sq\/wp-json\/wp\/v2\/media?parent=106278"}],"wp:term":[{"taxonomy":"category","embeddable":true,"href":"https:\/\/zjarr.tv\/sq\/wp-json\/wp\/v2\/categories?post=106278"},{"taxonomy":"post_tag","embeddable":true,"href":"https:\/\/zjarr.tv\/sq\/wp-json\/wp\/v2\/tags?post=106278"}],"curies":[{"name":"wp","href":"https:\/\/api.w.org\/{rel}","templated":true}]}}