{"id":106290,"date":"2019-09-12T13:37:48","date_gmt":"2019-09-12T11:37:48","guid":{"rendered":"https:\/\/zjarr.tv\/?p=106290"},"modified":"2019-09-12T13:37:48","modified_gmt":"2019-09-12T11:37:48","slug":"basha-para-mediave-sot-kuvendi-po-kryen-grabitjen-me-te-madhe-me-ligj","status":"publish","type":"post","link":"https:\/\/zjarr.tv\/sq\/basha-para-mediave-sot-kuvendi-po-kryen-grabitjen-me-te-madhe-me-ligj\/","title":{"rendered":"Basha para mediave: Sot Kuvendi po kryen grabitjen m\u00eb t\u00eb madhe me ligj"},"content":{"rendered":"<p>Kryetari i PD-s\u00eb, Lulzim Basha, n\u00eb nj\u00eb deklarat\u00eb p\u00ebr shtyp n\u00eb 12:30\u00a0ka b\u00ebr\u00eb t\u00eb ditur se k\u00ebt\u00eb moment n\u00eb Parlament po kryhet nj\u00eb grabitje e madhe, m\u00eb e madhja me dy koncensione rrug\u00ebsh,\u00a0Orikum \u2013 Dukat dhe Milot \u2013 Balldren\u00a0dhe paralajm\u00ebroi deputet\u00ebt e Kuvendit se t\u00eb gjith\u00eb ata q\u00eb e votojn\u00eb do t\u00eb jen\u00eb subjekt i ligjit Antimafia.<\/p>\n<p>Basha tha: \u201c \u00a0N\u00eb k\u00ebto momente n\u00eb ndertes\u00ebn pas meje po finalizohet grabitja m\u00eb e madhe, koncesioni i rrug\u00ebve.<\/p>\n<p>Dekreti i Presidentit p\u00ebr kthimin e k\u00ebtyre dy kontratave korruptive po b\u00ebhet gati t\u00eb hidhet posht\u00eb nga cjap\u00ebt dhe delet n\u00eb parlamentin ilegjitim. Vet\u00ebm nj\u00eb parlament ilegjitim i marr\u00eb peng nga krimi nga oligark\u00ebt mund t\u00eb b\u00ebhet peng i nj\u00eb vepre kaq t\u00eb madhe hajdut\u00ebrie.<\/p>\n<p>Kjo \u00ebhst\u00eb vjedhje me ligj. Ndaj dua t\u00eb paralajm\u00ebroj \u00e7do an\u00ebtar t\u00eb asaj q\u00eb po b\u00ebhet pjes\u00eb e k\u00ebsaj vjedhje, do t\u2019ju ndjekim k\u00ebmba k\u00ebmb\u00ebs: \u00c7do qindark\u00eb, \u00e7do pron\u00eb dhe pasuri juaj do t\u00eb jet\u00eb n\u00ebn lup\u00ebn e ligjit Antimafia dhe SPAK-ut. Kjo \u00ebsht\u00eb vjedhje me ligj.<\/p>\n<p>&nbsp;<\/p>\n","protected":false},"excerpt":{"rendered":"<p>Kryetari i PD-s\u00eb, Lulzim Basha, n\u00eb nj\u00eb deklarat\u00eb p\u00ebr shtyp n\u00eb 12:30\u00a0ka b\u00ebr\u00eb t\u00eb ditur se k\u00ebt\u00eb moment n\u00eb Parlament po kryhet nj\u00eb grabitje e madhe, m\u00eb e madhja me dy koncensione rrug\u00ebsh,\u00a0Orikum \u2013 Dukat dhe Milot \u2013 Balldren\u00a0dhe paralajm\u00ebroi deputet\u00ebt e Kuvendit se t\u00eb gjith\u00eb ata q\u00eb e votojn\u00eb do t\u00eb jen\u00eb subjekt i [&hellip;]<\/p>\n","protected":false},"author":2013,"featured_media":105672,"comment_status":"open","ping_status":"closed","sticky":false,"template":"","format":"standard","meta":{"footnotes":""},"categories":[241,235],"tags":[],"class_list":{"0":"post-106290","1":"post","2":"type-post","3":"status-publish","4":"format-standard","5":"has-post-thumbnail","7":"category-aktualitet","8":"category-vendi"},"_links":{"self":[{"href":"https:\/\/zjarr.tv\/sq\/wp-json\/wp\/v2\/posts\/106290","targetHints":{"allow":["GET"]}}],"collection":[{"href":"https:\/\/zjarr.tv\/sq\/wp-json\/wp\/v2\/posts"}],"about":[{"href":"https:\/\/zjarr.tv\/sq\/wp-json\/wp\/v2\/types\/post"}],"author":[{"embeddable":true,"href":"https:\/\/zjarr.tv\/sq\/wp-json\/wp\/v2\/users\/2013"}],"replies":[{"embeddable":true,"href":"https:\/\/zjarr.tv\/sq\/wp-json\/wp\/v2\/comments?post=106290"}],"version-history":[{"count":0,"href":"https:\/\/zjarr.tv\/sq\/wp-json\/wp\/v2\/posts\/106290\/revisions"}],"wp:featuredmedia":[{"embeddable":true,"href":"https:\/\/zjarr.tv\/sq\/wp-json\/wp\/v2\/media\/105672"}],"wp:attachment":[{"href":"https:\/\/zjarr.tv\/sq\/wp-json\/wp\/v2\/media?parent=106290"}],"wp:term":[{"taxonomy":"category","embeddable":true,"href":"https:\/\/zjarr.tv\/sq\/wp-json\/wp\/v2\/categories?post=106290"},{"taxonomy":"post_tag","embeddable":true,"href":"https:\/\/zjarr.tv\/sq\/wp-json\/wp\/v2\/tags?post=106290"}],"curies":[{"name":"wp","href":"https:\/\/api.w.org\/{rel}","templated":true}]}}