{"id":106296,"date":"2019-09-12T13:40:44","date_gmt":"2019-09-12T11:40:44","guid":{"rendered":"https:\/\/zjarr.tv\/?p=106296"},"modified":"2019-09-12T13:40:44","modified_gmt":"2019-09-12T11:40:44","slug":"pas-deklarates-se-rende-te-presidentit-cek-haradinaj-falenderon-kryeministrin-babis-per-mbeshtetjen","status":"publish","type":"post","link":"https:\/\/zjarr.tv\/sq\/pas-deklarates-se-rende-te-presidentit-cek-haradinaj-falenderon-kryeministrin-babis-per-mbeshtetjen\/","title":{"rendered":"Pas deklarat\u00ebs s\u00eb r\u00ebnd\u00eb t\u00eb Presidentit \u00e7ek, Haradinaj falenderon Kryeministrin Babis p\u00ebr mb\u00ebshtetjen"},"content":{"rendered":"<div class=\"readmore-text-here\">\n<p>Kryeministri i dor\u00ebhequr i Kosov\u00ebs, Ramush Haradinaj, e ka vler\u00ebsuar mjaft deklarat\u00ebn e menj\u00ebhershme t\u00eb qeveris\u00eb s\u00eb \u00c7ekis\u00eb n\u00eb mb\u00ebshtetje t\u00eb pavar\u00ebsis\u00eb s\u00eb Kosov\u00ebs, p\u00ebrkund\u00ebr skandalit q\u00eb shkaktoi Presidenti Millosh Zeman tek deklaroi se \u00c7ekia do t\u00eb duhej ta t\u00ebrhiqte\u00a0njohjen e Kosov\u00ebs.<\/p>\n<p>Haradinaj i ka d\u00ebrguar nj\u00eb let\u00ebr falenderimi Kryeministrit Andrej Babis ku sqaron me diplomaci se &#8220;jan\u00eb zgjedhjet e parakohshme&#8221; n\u00eb Kosov\u00eb q\u00eb ia\u00a0kan\u00eb b\u00ebr\u00eb t\u00eb pamundur pjes\u00ebmarrjen n\u00eb Samit, por se ai e \u00e7mon shum\u00eb ftes\u00ebn e Babis dhe p\u00ebrkushtimin e \u00c7ekis\u00eb ndaj Ballkanit per\u00ebndimor.<\/p>\n<p>Haradinaj i \u00ebsht\u00eb drejtuar qytetar\u00ebve t\u00eb Kosov\u00ebs me nj\u00eb mesazh n\u00eb Fb:<\/p>\n<div id=\"rekl-13\">\n<div id=\"__sap-ad-15\" class=\"__sap-ads __sap-html tracked\" data-title=\"Credins desktop 08\"><\/div>\n<\/div>\n<p>&#8220;Kosova ka hyr\u00eb n\u00eb nj\u00eb cik\u00ebl t\u00eb zgjedhjeve t\u00eb parakohshme dhe angazhimet n\u00eb k\u00ebt\u00eb koh\u00eb t\u00eb r\u00ebnd\u00ebsishme p\u00ebr vendin, kan\u00eb pamund\u00ebsuar pjes\u00ebmarrjen time n\u00eb punimet e Samitit t\u00eb V4 dhe WB6, n\u00ebn kryesimin e Republik\u00ebs s\u00eb \u00c7ekis\u00eb.<\/p>\n<p>P\u00ebrmes k\u00ebsaj letre i kam shprehur falenderimet e sinqerta Kryeminstrit t\u00eb Republik\u00ebs s\u00eb \u00c7ekis\u00eb, z. Andrej Babis, p\u00ebr ftes\u00ebn drejtuar Kryeministrit t\u00eb Kosov\u00ebs p\u00ebr t\u00eb marr\u00eb pjes\u00eb n\u00eb Samit, dhe \u00e7mojm\u00eb lart\u00eb p\u00ebrkushtimin e Republik\u00ebs s\u00eb \u00c7ekis\u00eb ndaj Ballkanit Per\u00ebndimor dhe perspektiv\u00ebs evropiane t\u00eb rajonit.<\/p>\n<p>Si Kosov\u00eb do t\u00eb vazhdojm\u00eb t\u00eb jemi kontribues serioz p\u00ebr paqe dhe stabilitet n\u00eb rajon dhe ndaj dialogut me Serbin\u00eb, i cili do t\u00eb p\u00ebrfundoj me njohje reciproke, n\u00eb kufijt\u00eb ekzistues.&#8221;<\/p>\n<\/div>\n<div id=\"rekl-33\"><\/div>\n","protected":false},"excerpt":{"rendered":"<p>Kryeministri i dor\u00ebhequr i Kosov\u00ebs, Ramush Haradinaj, e ka vler\u00ebsuar mjaft deklarat\u00ebn e menj\u00ebhershme t\u00eb qeveris\u00eb s\u00eb \u00c7ekis\u00eb n\u00eb mb\u00ebshtetje t\u00eb pavar\u00ebsis\u00eb s\u00eb Kosov\u00ebs, p\u00ebrkund\u00ebr skandalit q\u00eb shkaktoi Presidenti Millosh Zeman tek deklaroi se \u00c7ekia do t\u00eb duhej ta t\u00ebrhiqte\u00a0njohjen e Kosov\u00ebs. Haradinaj i ka d\u00ebrguar nj\u00eb let\u00ebr falenderimi Kryeministrit Andrej Babis ku sqaron me [&hellip;]<\/p>\n","protected":false},"author":2013,"featured_media":69674,"comment_status":"open","ping_status":"closed","sticky":false,"template":"","format":"standard","meta":{"footnotes":""},"categories":[241,2],"tags":[],"class_list":{"0":"post-106296","1":"post","2":"type-post","3":"status-publish","4":"format-standard","5":"has-post-thumbnail","7":"category-aktualitet","8":"category-rajoni"},"_links":{"self":[{"href":"https:\/\/zjarr.tv\/sq\/wp-json\/wp\/v2\/posts\/106296","targetHints":{"allow":["GET"]}}],"collection":[{"href":"https:\/\/zjarr.tv\/sq\/wp-json\/wp\/v2\/posts"}],"about":[{"href":"https:\/\/zjarr.tv\/sq\/wp-json\/wp\/v2\/types\/post"}],"author":[{"embeddable":true,"href":"https:\/\/zjarr.tv\/sq\/wp-json\/wp\/v2\/users\/2013"}],"replies":[{"embeddable":true,"href":"https:\/\/zjarr.tv\/sq\/wp-json\/wp\/v2\/comments?post=106296"}],"version-history":[{"count":0,"href":"https:\/\/zjarr.tv\/sq\/wp-json\/wp\/v2\/posts\/106296\/revisions"}],"wp:featuredmedia":[{"embeddable":true,"href":"https:\/\/zjarr.tv\/sq\/wp-json\/wp\/v2\/media\/69674"}],"wp:attachment":[{"href":"https:\/\/zjarr.tv\/sq\/wp-json\/wp\/v2\/media?parent=106296"}],"wp:term":[{"taxonomy":"category","embeddable":true,"href":"https:\/\/zjarr.tv\/sq\/wp-json\/wp\/v2\/categories?post=106296"},{"taxonomy":"post_tag","embeddable":true,"href":"https:\/\/zjarr.tv\/sq\/wp-json\/wp\/v2\/tags?post=106296"}],"curies":[{"name":"wp","href":"https:\/\/api.w.org\/{rel}","templated":true}]}}