{"id":106307,"date":"2019-09-12T13:47:22","date_gmt":"2019-09-12T11:47:22","guid":{"rendered":"https:\/\/zjarr.tv\/?p=106307"},"modified":"2019-09-12T13:47:22","modified_gmt":"2019-09-12T11:47:22","slug":"ish-ministri-e-thote-troc-kur-te-shkarkohet-palmer-ndoshta-me-rikthehet-besimi-tek-politika-amerikane","status":"publish","type":"post","link":"https:\/\/zjarr.tv\/sq\/ish-ministri-e-thote-troc-kur-te-shkarkohet-palmer-ndoshta-me-rikthehet-besimi-tek-politika-amerikane\/","title":{"rendered":"Ish-ministri e thot\u00eb tro\u00e7: Kur t\u00eb shkarkohet Palmer, ndoshta m\u00eb rikthehet besimi tek politika amerikane"},"content":{"rendered":"<p>Ish-ministri i Drejt\u00ebsis\u00eb Ylli Manjani shprehet hapur kund\u00ebr zyrtarit t\u00eb lart\u00eb t\u00eb SHBA p\u00ebr Ballkanin Per\u00ebndimor Mathhew Palmer.<\/p>\n<div id=\"sovrn\" class=\"desktop_ad ad_bottom_space\"><ins><\/p>\n<div id=\"beacon_4acc76e50b\"><img loading=\"lazy\" decoding=\"async\" src=\"https:\/\/ads.balkanweb.com\/www\/delivery\/lg.php?bannerid=0&amp;campaignid=0&amp;zoneid=426&amp;loc=https%3A%2F%2Fbalkanweb.com%2Fish-ministri-e-thote-troc-kur-te-shkarkohet-palmer-ndoshta-me-rikthehet-besimi-tek-politika-amerikane%2F&amp;referer=https%3A%2F%2Fbalkanweb.com%2F&amp;cb=4acc76e50b\" alt=\"\" width=\"0\" height=\"0\" \/><\/div>\n<p><\/ins><\/div>\n<p>Madje Manjani p\u00ebrmend dhe shkarkimin, si nj\u00eb d\u00ebshir\u00eb e tij. Ish-ministri shkruan se kur Trump t\u00eb shkarkoj\u00eb Palmer ndoshta i rikthehet besimi tek politika amerikane.<\/p>\n<div id=\"pa_1x1_psbk_1568288810603\"><\/div>\n<p>\u201cTrump ka shkarkuar k\u00ebshilltarin e Tij John Bolton?! Kjo dihej.<br \/>\nKur t\u00eb shkarkoj\u00eb Palmer-in, ndoshta m\u00eb rikthehet besimi tek politika Amerikane\u2026\u201d, shkruan Manjani.<\/p>\n","protected":false},"excerpt":{"rendered":"<p>Ish-ministri i Drejt\u00ebsis\u00eb Ylli Manjani shprehet hapur kund\u00ebr zyrtarit t\u00eb lart\u00eb t\u00eb SHBA p\u00ebr Ballkanin Per\u00ebndimor Mathhew Palmer. Madje Manjani p\u00ebrmend dhe shkarkimin, si nj\u00eb d\u00ebshir\u00eb e tij. Ish-ministri shkruan se kur Trump t\u00eb shkarkoj\u00eb Palmer ndoshta i rikthehet besimi tek politika amerikane. \u201cTrump ka shkarkuar k\u00ebshilltarin e Tij John Bolton?! Kjo dihej. Kur t\u00eb [&hellip;]<\/p>\n","protected":false},"author":2013,"featured_media":57055,"comment_status":"open","ping_status":"closed","sticky":false,"template":"","format":"standard","meta":{"footnotes":""},"categories":[241,235],"tags":[],"class_list":{"0":"post-106307","1":"post","2":"type-post","3":"status-publish","4":"format-standard","5":"has-post-thumbnail","7":"category-aktualitet","8":"category-vendi"},"_links":{"self":[{"href":"https:\/\/zjarr.tv\/sq\/wp-json\/wp\/v2\/posts\/106307","targetHints":{"allow":["GET"]}}],"collection":[{"href":"https:\/\/zjarr.tv\/sq\/wp-json\/wp\/v2\/posts"}],"about":[{"href":"https:\/\/zjarr.tv\/sq\/wp-json\/wp\/v2\/types\/post"}],"author":[{"embeddable":true,"href":"https:\/\/zjarr.tv\/sq\/wp-json\/wp\/v2\/users\/2013"}],"replies":[{"embeddable":true,"href":"https:\/\/zjarr.tv\/sq\/wp-json\/wp\/v2\/comments?post=106307"}],"version-history":[{"count":0,"href":"https:\/\/zjarr.tv\/sq\/wp-json\/wp\/v2\/posts\/106307\/revisions"}],"wp:featuredmedia":[{"embeddable":true,"href":"https:\/\/zjarr.tv\/sq\/wp-json\/wp\/v2\/media\/57055"}],"wp:attachment":[{"href":"https:\/\/zjarr.tv\/sq\/wp-json\/wp\/v2\/media?parent=106307"}],"wp:term":[{"taxonomy":"category","embeddable":true,"href":"https:\/\/zjarr.tv\/sq\/wp-json\/wp\/v2\/categories?post=106307"},{"taxonomy":"post_tag","embeddable":true,"href":"https:\/\/zjarr.tv\/sq\/wp-json\/wp\/v2\/tags?post=106307"}],"curies":[{"name":"wp","href":"https:\/\/api.w.org\/{rel}","templated":true}]}}