{"id":106317,"date":"2019-09-12T13:53:53","date_gmt":"2019-09-12T11:53:53","guid":{"rendered":"https:\/\/zjarr.tv\/?p=106317"},"modified":"2019-09-12T13:53:53","modified_gmt":"2019-09-12T11:53:53","slug":"opozita-e-re-voton-paktin-ps-pd","status":"publish","type":"post","link":"https:\/\/zjarr.tv\/sq\/opozita-e-re-voton-paktin-ps-pd\/","title":{"rendered":"Opozita e re voton paktin PS-PD"},"content":{"rendered":"<p>Partia Socialiste ka ftuar opozit\u00ebn e re parlamentare t\u00eb vazhdoj\u00eb bashk\u00ebpunimin p\u00ebr ndryshimin e kodit zgjedhor.<\/p>\n<p>N\u00eb seanc\u00ebn parlamentare Taulant Balla theksoi se kan\u00eb qen\u00eb PD dhe LSI q\u00eb nuk kan\u00eb r\u00ebn\u00eb dakord p\u00ebr votimin e emigrant\u00ebve.<\/p>\n<p>Por edhe pse k\u00ebrkoi nj\u00eb reform\u00eb gjith\u00ebp\u00ebrfshir\u00ebse, ai n\u00ebnvizoi se parlamenti do t\u00eb vazhdoj\u00eb me ndryshimet.<\/p>\n<p><em><strong>Balla:\u00a0<\/strong>N\u00ebse ata nuk duan ta b\u00ebjn\u00eb kjo nuk do t\u00eb thot\u00eb q\u00eb reforma zgjedhore do t\u00eb mbetet peng. Hajdari dhe Gjiknuri komunikojn\u00eb n\u00eb m\u00ebnyr\u00eb t\u00eb vijueshme, ju nxis t\u00eb mblidhni sa m\u00eb shpejt komisionin.<\/em><\/p>\n<p>Edhe n\u00eb k\u00ebt\u00eb seanc\u00eb nuk munguan akuzat p\u00ebr nj\u00eb marr\u00ebveshje Rama-Basha.<\/p>\n<p><em><strong>Murrizi:\u00a0<\/strong>Ne ju themi po jemi dakord, po ju thoni kemi qejf ata. Kjo \u00ebsht\u00eb tallje.<\/em><\/p>\n<p>Ministri i Diaspor\u00ebs, Pandeli Majko, ka qet\u00ebsuar deputet\u00ebt z\u00ebvend\u00ebsues se n\u00ebse do t\u00eb ket\u00eb nj\u00eb marr\u00ebveshje PS-PD ajo do t\u00eb duhet t\u00eb votohet n\u00eb parlament.<\/p>\n<p><em><strong>Majko:\u00a0<\/strong>Meqen\u00ebse k\u00ebtu u diskutua \u00e7\u00ebshtja e marr\u00ebveshjes son\u00eb, t\u00eb PS me PD, mos u shqet\u00ebsoni. N\u00eb fund fare kjo \u00ebsht\u00eb nj\u00eb histori q\u00eb na takon ne dhe kostot apo vlerat do ti fitojm\u00eb ne. Ajo q\u00eb \u00ebsht\u00eb e r\u00ebnd\u00ebsishme p\u00ebr ju \u00ebsht\u00eb se \u00e7far\u00ebdo lloj marr\u00ebveshje q\u00eb do t\u00eb diskutohet jasht\u00eb k\u00ebsaj salle t\u00eb parlamentit, n\u00eb fund fare politika \u00ebsht\u00eb matematik\u00eb, do t\u00eb vij\u00eb n\u00eb k\u00ebt\u00eb sall\u00eb t\u00eb votohet.<\/em><\/p>\n<p>Ftesa p\u00ebr bashk\u00ebpunim n\u00eb Kuvend vjen vet\u00ebm pak dit\u00eb nga raporti i OSBE-ODIHR p\u00ebr zgjedhjet vendore, ku u kritikua politizimi i tejskajsh\u00ebm i procesit apo dhe refuzimi p\u00ebr t\u00eb publikuar n\u00eb Fletoren Zyrtare t\u00eb dekrerit p\u00ebr zhvillimin e zgjedhjeve n\u00eb 13 tetor.<\/p>\n","protected":false},"excerpt":{"rendered":"<p>Partia Socialiste ka ftuar opozit\u00ebn e re parlamentare t\u00eb vazhdoj\u00eb bashk\u00ebpunimin p\u00ebr ndryshimin e kodit zgjedhor. N\u00eb seanc\u00ebn parlamentare Taulant Balla theksoi se kan\u00eb qen\u00eb PD dhe LSI q\u00eb nuk kan\u00eb r\u00ebn\u00eb dakord p\u00ebr votimin e emigrant\u00ebve. Por edhe pse k\u00ebrkoi nj\u00eb reform\u00eb gjith\u00ebp\u00ebrfshir\u00ebse, ai n\u00ebnvizoi se parlamenti do t\u00eb vazhdoj\u00eb me ndryshimet. Balla:\u00a0N\u00ebse ata [&hellip;]<\/p>\n","protected":false},"author":2013,"featured_media":106320,"comment_status":"open","ping_status":"closed","sticky":false,"template":"","format":"standard","meta":{"footnotes":""},"categories":[241,235],"tags":[],"class_list":{"0":"post-106317","1":"post","2":"type-post","3":"status-publish","4":"format-standard","5":"has-post-thumbnail","7":"category-aktualitet","8":"category-vendi"},"_links":{"self":[{"href":"https:\/\/zjarr.tv\/sq\/wp-json\/wp\/v2\/posts\/106317","targetHints":{"allow":["GET"]}}],"collection":[{"href":"https:\/\/zjarr.tv\/sq\/wp-json\/wp\/v2\/posts"}],"about":[{"href":"https:\/\/zjarr.tv\/sq\/wp-json\/wp\/v2\/types\/post"}],"author":[{"embeddable":true,"href":"https:\/\/zjarr.tv\/sq\/wp-json\/wp\/v2\/users\/2013"}],"replies":[{"embeddable":true,"href":"https:\/\/zjarr.tv\/sq\/wp-json\/wp\/v2\/comments?post=106317"}],"version-history":[{"count":0,"href":"https:\/\/zjarr.tv\/sq\/wp-json\/wp\/v2\/posts\/106317\/revisions"}],"wp:featuredmedia":[{"embeddable":true,"href":"https:\/\/zjarr.tv\/sq\/wp-json\/wp\/v2\/media\/106320"}],"wp:attachment":[{"href":"https:\/\/zjarr.tv\/sq\/wp-json\/wp\/v2\/media?parent=106317"}],"wp:term":[{"taxonomy":"category","embeddable":true,"href":"https:\/\/zjarr.tv\/sq\/wp-json\/wp\/v2\/categories?post=106317"},{"taxonomy":"post_tag","embeddable":true,"href":"https:\/\/zjarr.tv\/sq\/wp-json\/wp\/v2\/tags?post=106317"}],"curies":[{"name":"wp","href":"https:\/\/api.w.org\/{rel}","templated":true}]}}