{"id":106318,"date":"2019-09-12T13:53:11","date_gmt":"2019-09-12T11:53:11","guid":{"rendered":"https:\/\/zjarr.tv\/?p=106318"},"modified":"2019-09-12T13:53:11","modified_gmt":"2019-09-12T11:53:11","slug":"21-vite-nga-vrasja-e-hajdarit-berisha-te-hedhim-ne-koshin-e-plehrave-regjimin-e-edvin-mafise","status":"publish","type":"post","link":"https:\/\/zjarr.tv\/sq\/21-vite-nga-vrasja-e-hajdarit-berisha-te-hedhim-ne-koshin-e-plehrave-regjimin-e-edvin-mafise\/","title":{"rendered":"21 vite nga vrasja e Hajdarit, Berisha: T\u00eb hedhim n\u00eb koshin e plehrave regjimin e \u2018Edvin Mafise\u2019"},"content":{"rendered":"<p>Ish-kryeministri Sali Berisha pasi mori pjes\u00eb n\u00eb homazhet e p\u00ebrkujtimit t\u00eb 21 vjetorit t\u00eb vdekjes s\u00eb ish-deputetit t\u00eb PD-s\u00eb Azem Hajdari, i ka kushtuar nj\u00eb mesazh k\u00ebtij t\u00eb fundit. P\u00ebrmes nj\u00eb postimi n\u00eb \u2018Facebook\u2019 Berisha shkruan se falanga t\u00eb zyrtareve kriminel me uniform\u00ebn e oficer\u00ebve t\u00eb lart\u00eb t\u00eb policis\u00eb ekzekutuan para selis\u00eb s\u00eb PD tribunin e liris\u00eb t\u00eb shqiptar\u00ebve.<\/p>\n<div id=\"sovrn\" class=\"desktop_ad ad_bottom_space\"><ins><\/p>\n<div id=\"beacon_176fe55439\"><img loading=\"lazy\" decoding=\"async\" src=\"https:\/\/ads.balkanweb.com\/www\/delivery\/lg.php?bannerid=0&amp;campaignid=0&amp;zoneid=426&amp;loc=https%3A%2F%2Fbalkanweb.com%2F21-vite-nga-vrasja-e-hajdarit-berisha-te-hedhim-ne-koshin-e-plehrave-regjimin-e-edvin-mafise%2F&amp;referer=https%3A%2F%2Fbalkanweb.com%2Fkategoria%2Fshqiperia%2F&amp;cb=176fe55439\" alt=\"\" width=\"0\" height=\"0\" \/><\/div>\n<p><\/ins><\/div>\n<p>Mes t\u00eb tjerash Berisha tha se \u201cduhet t\u00eb ngrihemi n\u00eb lart\u00ebsin\u00eb e guximit epik t\u00eb tij dhe t\u00eb hedhim n\u00eb koshin e plehrave t\u00eb historis\u00eb narkoshtetin dhe regjimin e kakistokracise t\u00eb Edvin Mafise dhe klik\u00ebs s\u00eb tij kriminale\u201d.<\/p>\n<p><strong>MESAZHI I BERISH\u00cbS<\/strong><br \/>\nAzem ti je gjalle!<\/p>\n<p>Te dashur miq, si sot 21 vjet me pare Shqiperia perjetoi vrasjen e shekullit. Fallanga te zyrtareve kriminel me uniformen e oficereve te larte te policise ekzekutuan para selise se PD, sipas nje skenari politik, tribunin e lirise te shqiptareve, prijesin e Levizjes Studentore te Dhjetorit 1990, themeluesin e pluralizmit politik dhe Partise Demokratike, kryetarin e pare te saj, Azem Hajdari.<br \/>\nAzem ti je gjalle!<br \/>\nAta, qe ne nje akt hakmarrje te verber ndaj tij per sistemin e baballareve xhelat dhe mizor qe ai permbysi, kryen me 12 shtator te vitit 1998 vrasjen e shekullit kane marre dhe do marrin gjithmone per aktin e tyre makaber ndeshkimin e historise<br \/>\nKurse kujtimi dhe vepra e pavdekshme e Azem Hajdarit, legjendes se trimerise dhe guximit mbinjerezor te te riut shqiptar behet \u00e7do dite, jave, muaj dhe vit qe kalon, me e ndritur dhe me madheshtore.<br \/>\nSot mirenjohja me e thelle qe mund te shprehet dhe nderimi me i madh qe mund ti behet Azem Hajdarit, Liderit te Revolucionit Demokratik te Dhjetarit 1990, i cili s\u00eb bashku me shok\u00ebt dhe shoqet e tij studente u p\u00ebrball\u00eb dhe p\u00ebrmbysi n\u00eb dhjetor t\u00eb vitit 1990 sistemin me monist t\u00eb planetit, \u00ebshte t\u00eb ngrihemi ne lartesine e guximit epik te tij dhe te hedhim ne koshin e plehrave te historise narkoshtetin dhe rregjimin e kakistokracise te Edvin Mafise dhe klikes se tij kriminale.<br \/>\nAzem ti je gjalle!<\/p>\n","protected":false},"excerpt":{"rendered":"<p>Ish-kryeministri Sali Berisha pasi mori pjes\u00eb n\u00eb homazhet e p\u00ebrkujtimit t\u00eb 21 vjetorit t\u00eb vdekjes s\u00eb ish-deputetit t\u00eb PD-s\u00eb Azem Hajdari, i ka kushtuar nj\u00eb mesazh k\u00ebtij t\u00eb fundit. P\u00ebrmes nj\u00eb postimi n\u00eb \u2018Facebook\u2019 Berisha shkruan se falanga t\u00eb zyrtareve kriminel me uniform\u00ebn e oficer\u00ebve t\u00eb lart\u00eb t\u00eb policis\u00eb ekzekutuan para selis\u00eb s\u00eb PD tribunin [&hellip;]<\/p>\n","protected":false},"author":2013,"featured_media":65486,"comment_status":"open","ping_status":"closed","sticky":false,"template":"","format":"standard","meta":{"footnotes":""},"categories":[241,235],"tags":[],"class_list":{"0":"post-106318","1":"post","2":"type-post","3":"status-publish","4":"format-standard","5":"has-post-thumbnail","7":"category-aktualitet","8":"category-vendi"},"_links":{"self":[{"href":"https:\/\/zjarr.tv\/sq\/wp-json\/wp\/v2\/posts\/106318","targetHints":{"allow":["GET"]}}],"collection":[{"href":"https:\/\/zjarr.tv\/sq\/wp-json\/wp\/v2\/posts"}],"about":[{"href":"https:\/\/zjarr.tv\/sq\/wp-json\/wp\/v2\/types\/post"}],"author":[{"embeddable":true,"href":"https:\/\/zjarr.tv\/sq\/wp-json\/wp\/v2\/users\/2013"}],"replies":[{"embeddable":true,"href":"https:\/\/zjarr.tv\/sq\/wp-json\/wp\/v2\/comments?post=106318"}],"version-history":[{"count":0,"href":"https:\/\/zjarr.tv\/sq\/wp-json\/wp\/v2\/posts\/106318\/revisions"}],"wp:featuredmedia":[{"embeddable":true,"href":"https:\/\/zjarr.tv\/sq\/wp-json\/wp\/v2\/media\/65486"}],"wp:attachment":[{"href":"https:\/\/zjarr.tv\/sq\/wp-json\/wp\/v2\/media?parent=106318"}],"wp:term":[{"taxonomy":"category","embeddable":true,"href":"https:\/\/zjarr.tv\/sq\/wp-json\/wp\/v2\/categories?post=106318"},{"taxonomy":"post_tag","embeddable":true,"href":"https:\/\/zjarr.tv\/sq\/wp-json\/wp\/v2\/tags?post=106318"}],"curies":[{"name":"wp","href":"https:\/\/api.w.org\/{rel}","templated":true}]}}