{"id":106329,"date":"2019-09-12T14:34:42","date_gmt":"2019-09-12T12:34:42","guid":{"rendered":"https:\/\/zjarr.tv\/?p=106329"},"modified":"2019-09-12T14:34:42","modified_gmt":"2019-09-12T12:34:42","slug":"pensionet-e-emigranteve-shqiptare-ne-kanada-kuvendi-diskuton-marreveshjen","status":"publish","type":"post","link":"https:\/\/zjarr.tv\/sq\/pensionet-e-emigranteve-shqiptare-ne-kanada-kuvendi-diskuton-marreveshjen\/","title":{"rendered":"Pensionet e emigrant\u00ebve shqiptar\u00eb n\u00eb Kanada, Kuvendi diskuton marr\u00ebveshjen"},"content":{"rendered":"<p>M\u00eb shum\u00eb se 1 milion\u00eb e pes\u00ebqind mij\u00eb shqiptare kan\u00eb emigruar n\u00eb vende t\u00eb ndryshme t\u00eb bot\u00ebs, ku pjesa m\u00eb e madhe e tyre ka zgjedhur t\u00eb jetoj\u00eb n\u00eb Itali dhe Greqi.<\/p>\n<p>Nj\u00eb nga problemet kryesore p\u00ebr ta tashm\u00eb mbetet jo vet\u00ebm lidhja me atdheun por dhe sigurimi i pensioneve. N\u00eb parlament \u00ebsht\u00eb paraqitur projekti p\u00ebr arritjen e marr\u00ebveshjes me Kanadan\u00eb.<\/p>\n<p>N\u00eb fjal\u00ebn e tij n\u00eb seanc\u00eb, ish-ministri Ditmir Bushati \u00ebsht\u00eb shprehur kritik p\u00ebr sjelljen e qeverive.<\/p>\n<p><em><strong>Bushati:\u00a0<\/strong>Nuk mund t\u00ebn themi m\u00eb q\u00eb jemi vendi i shqiponjave, nuk mund t\u00eb themi dot dhe vet\u00ebm q\u00eb jemi kombi i Sk\u00ebnd\u00ebrbeut, N\u00ebn\u00eb Terez\u00ebs, nuk mund t\u00eb p\u00ebrdorim nj\u00eb patriotiz\u00ebm fals vet\u00ebm kur mbushim stadiumet tona dhe brohorasim p\u00ebr komb\u00ebtaren ton\u00eb. Si socialist, si progresist, si politikan, si qytetar, m\u00eb shqet\u00ebson p\u00ebrq\u00ebndrimi i t\u00eb ardhurave n\u00eb nj\u00eb grusht njer\u00ebzish, prirja jon\u00eb p\u00ebr zgjidhje t\u00eb lehta n\u00eb vend q\u00eb t\u00eb punojm\u00eb p\u00ebr modele t\u00eb q\u00ebndrueshme.<\/em><\/p>\n<p>Madje ai ka k\u00ebrkuar nj\u00eb projekt afatgjat\u00eb p\u00ebr njohjen e vlerave t\u00eb Shqip\u00ebris\u00eb.<\/p>\n<p><em><strong>Bushati:\u00a0<\/strong>Na duhet t\u00eb nd\u00ebrtojm\u00eb nj\u00eb sistem vlerash.Na duhet q\u00eb t\u00eb jemi t\u00eb drejt\u00ebp\u00ebrdrejt\u00eb dhe t\u00eb sinqert\u00eb me k\u00ebt\u00eb tem\u00eb sepse e kuptojm\u00eb q\u00eb kapitalizmi grabitar q\u00eb kemi nd\u00ebrtuar k\u00ebto 30 vite t\u00eb gjith\u00eb s\u00eb bashku, kush m\u00eb shum\u00eb e kush m\u00eb pak, nuk premton p\u00ebr t\u00eb b\u00ebr\u00eb nj\u00eb hap gjigant p\u00ebrpara.<\/em><\/p>\n<p>Por p\u00ebr Taulant Ball\u00ebn qeveria meriton t\u00eb pakt\u00ebn dhe nj\u00eb falenderim.<\/p>\n<p>Nd\u00ebrsa u shpreh se me an\u00ebtar\u00ebsimin n\u00eb BE, pensionet do t\u00eb njihen.<\/p>\n<p><em><strong>Balla:\u00a0<\/strong>Duhet t\u00eb kemi parasysh q\u00eb ka nj\u00eb mekaniz\u00ebm rregullator brenda Bashkimit Europian, q\u00eb i k\u00ebrkon k\u00ebtyre dy vendeve, n\u00ebnshkrimin e marr\u00ebveshjes, aq m\u00eb tep\u00ebr pas fillimit t\u00eb bisedimeve me Bashkimin Europian.Ne do t&#8217;i fillojm\u00eb bisedimet p\u00ebr an\u00ebtar\u00ebsim me Bashkimin Europian, sepse Shqip\u00ebria ka p\u00ebrmbushur pjes\u00ebn e vet t\u00eb detyrave t\u00eb sht\u00ebpis\u00eb.N\u00eb k\u00ebt\u00eb faz\u00eb, teksa negociojm\u00eb p\u00ebr an\u00ebtar\u00ebsim n\u00eb Bashkimin Europian, padyshim q\u00eb Italia dhe Greqia, p\u00ebr shkak edhe t\u00eb nj\u00eb procesi intensiv negociatash, ku jan\u00eb p\u00ebrfshir\u00eb Ministria e Financave dhe Ekonomis\u00eb, Ministria e \u00c7\u00ebshtjeve Sociale, Ministria p\u00ebr Europ\u00ebn dhe Pun\u00ebt e Jashtme, Kryeministri personalisht, do t\u00eb sigurojn\u00eb njohjen e dyfisht\u00eb t\u00eb sigurimeve shoq\u00ebrore shqiptar\u00ebve, q\u00eb jetojn\u00eb atje.<\/em><\/p>\n<p>Lidhur me SHBA, ajo nuk ka nj\u00eb marr\u00ebveshje t\u00eb njohjes reciproke t\u00eb njohjes shoq\u00ebrore me asnj\u00eb vend tjet\u00ebr.<\/p>\n<p>Numri i plot\u00eb i emigrant\u00ebve shqiptar\u00eb ende nuk \u00ebsht\u00eb i ditur, kjo p\u00ebr shkak t\u00eb l\u00ebvizjes s\u00eb lart\u00eb pa dokumente drejt vendeve t\u00eb BE-s\u00eb.<\/p>\n","protected":false},"excerpt":{"rendered":"<p>M\u00eb shum\u00eb se 1 milion\u00eb e pes\u00ebqind mij\u00eb shqiptare kan\u00eb emigruar n\u00eb vende t\u00eb ndryshme t\u00eb bot\u00ebs, ku pjesa m\u00eb e madhe e tyre ka zgjedhur t\u00eb jetoj\u00eb n\u00eb Itali dhe Greqi. Nj\u00eb nga problemet kryesore p\u00ebr ta tashm\u00eb mbetet jo vet\u00ebm lidhja me atdheun por dhe sigurimi i pensioneve. N\u00eb parlament \u00ebsht\u00eb paraqitur projekti [&hellip;]<\/p>\n","protected":false},"author":2013,"featured_media":89383,"comment_status":"open","ping_status":"closed","sticky":false,"template":"","format":"standard","meta":{"footnotes":""},"categories":[241,235],"tags":[],"class_list":{"0":"post-106329","1":"post","2":"type-post","3":"status-publish","4":"format-standard","5":"has-post-thumbnail","7":"category-aktualitet","8":"category-vendi"},"_links":{"self":[{"href":"https:\/\/zjarr.tv\/sq\/wp-json\/wp\/v2\/posts\/106329","targetHints":{"allow":["GET"]}}],"collection":[{"href":"https:\/\/zjarr.tv\/sq\/wp-json\/wp\/v2\/posts"}],"about":[{"href":"https:\/\/zjarr.tv\/sq\/wp-json\/wp\/v2\/types\/post"}],"author":[{"embeddable":true,"href":"https:\/\/zjarr.tv\/sq\/wp-json\/wp\/v2\/users\/2013"}],"replies":[{"embeddable":true,"href":"https:\/\/zjarr.tv\/sq\/wp-json\/wp\/v2\/comments?post=106329"}],"version-history":[{"count":0,"href":"https:\/\/zjarr.tv\/sq\/wp-json\/wp\/v2\/posts\/106329\/revisions"}],"wp:featuredmedia":[{"embeddable":true,"href":"https:\/\/zjarr.tv\/sq\/wp-json\/wp\/v2\/media\/89383"}],"wp:attachment":[{"href":"https:\/\/zjarr.tv\/sq\/wp-json\/wp\/v2\/media?parent=106329"}],"wp:term":[{"taxonomy":"category","embeddable":true,"href":"https:\/\/zjarr.tv\/sq\/wp-json\/wp\/v2\/categories?post=106329"},{"taxonomy":"post_tag","embeddable":true,"href":"https:\/\/zjarr.tv\/sq\/wp-json\/wp\/v2\/tags?post=106329"}],"curies":[{"name":"wp","href":"https:\/\/api.w.org\/{rel}","templated":true}]}}