{"id":106336,"date":"2019-09-12T15:15:25","date_gmt":"2019-09-12T13:15:25","guid":{"rendered":"https:\/\/zjarr.tv\/?p=106336"},"modified":"2019-09-12T15:15:25","modified_gmt":"2019-09-12T13:15:25","slug":"kuvendi-rrezon-dekretet-e-metes-ja-si-votuan-deputetet","status":"publish","type":"post","link":"https:\/\/zjarr.tv\/sq\/kuvendi-rrezon-dekretet-e-metes-ja-si-votuan-deputetet\/","title":{"rendered":"Kuvendi rr\u00ebzon dekretet e Met\u00ebs, ja si votuan deputet\u00ebt"},"content":{"rendered":"<p>Pas nj\u00eb s\u00e9ance gati pes\u00eb or\u00ebsh, Kuvendi ka votuar \u00a0rr\u00ebzimin e 8 dekreteve t\u00eb Presidentit t\u00eb Republik\u00ebs, Ilir Meta.<\/p>\n<p><strong>23 vota pro, 76 kund\u00ebr dhe 3 abstenim-<\/strong>Dekreti i Presidentit t\u00eb Republik\u00ebs \u201cP\u00ebr kthimin e ligjit nr. 37\/2019 \u201cP\u00ebr disa shtesa n\u00eb aktin normativ, me fuqin\u00eb e ligjit, nr. 4, dat\u00eb 9.7.2008, t\u00eb K\u00ebshillit t\u00eb Ministrave, \u201cP\u00ebr privatizimin dhe dh\u00ebnien n\u00eb p\u00ebrdorim shoq\u00ebrive tregtare dhe institucioneve shtet\u00ebrore t\u00eb nd\u00ebrmarrjeve apo objekteve t\u00eb ve\u00e7anta, mjeteve kryesore dhe mjeteve t\u00eb xhiros s\u00eb k\u00ebtyre nd\u00ebrmarrjeve.<\/p>\n<p><strong>19 vota pro, 78 kund\u00ebr dhe \u00a0abstenim dhe 3 kund\u00ebr-<\/strong>Dekreti i Presidentit t\u00eb Republik\u00ebs \u201cP\u00ebr kthimin e ligjit nr. 36\/2019 \u201cP\u00ebr nj\u00eb ndryshim n\u00eb ligjin nr. 9900, dat\u00eb 10.04.2008 \u201cP\u00ebr rezervat materiale t\u00eb shtetit\u201d<\/p>\n<p><strong>22 vota pro, 76 kund\u00ebr dhe 3 abstenim-<\/strong>\u00a0Dekreti i Presidentit t\u00eb Republik\u00ebs nr. 11227, dat\u00eb 15.07.2019 \u201cP\u00ebr kthimin e ligjit nr. 38\/2019 \u201cP\u00ebr disa shtesa dhe ndryshime n\u00eb ligjin nr. 139\/2015 \u201cP\u00ebr vet\u00ebqeverisjen vendore\u201d\u201d<\/p>\n<p><strong>23 vota pro, 76 kund\u00ebr dhe 3 abstenim-\u00a0<\/strong>Dekreti i Presidentit t\u00eb Republik\u00ebs \u201cP\u00ebr kthimin e ligjit nr. 42\/2019 \u201cP\u00ebr disa shtesa dhe ndryshime n\u00eb ligjin nr. 107\/2014 \u201cP\u00ebr planifikimin dhe zhvillimin e territorit\u201d, t\u00eb ndryshuar\u201d\u201d<\/p>\n<p><strong>22 vota pro, 76 kund\u00ebr dhe 4 abstenim-\u00a0<\/strong>Dekreti i Presidentit t\u00eb Republik\u00ebs \u201cP\u00ebr kthimin e ligjit nr. 50\/2019 \u201cP\u00ebr disa ndryshime dhe shtesa n\u00eb ligjin nr. 125\/2013, \u201cP\u00ebr koncesionet dhe partneritetin publik privat\u201d, t\u00eb ndryshuar\u201d\u201d<\/p>\n<p><strong>22 vota pro, 74 kund\u00ebr dhe 4 abstenim-\u00a0<\/strong>Dekreti i Presidentit t\u00eb Republik\u00ebs \u201cP\u00ebr kthimin e ligjit nr. 51\/2019 \u201cP\u00ebr miratimin e kontrat\u00ebs s\u00eb koncesionit\/PPP nd\u00ebrmjet Ministris\u00eb s\u00eb Infrastruktur\u00ebs dhe Energjis\u00eb, si autoriteti kontraktor, dhe \u201cGjikuria\u201d, sh.p.k., si koncesionari, dhe shoq\u00ebris\u00eb koncesionare \u201cRruga Orikum &#8211; Llogara\u201d, sh.p.k., p\u00ebr projektimin, nd\u00ebrtimin dhe mir\u00ebmbajtjen e rrug\u00ebs \u201cPorti i jahteve &#8211; By-Pass Orikum &#8211; Dukat (ura e Sh\u00ebn Eliz\u00ebs)\u201d\u201d<\/p>\n<p><strong>23 vota pro, 76 kund\u00ebr dhe 3 abstenim-\u00a0<\/strong>Dekreti i Presidentit t\u00eb Republik\u00ebs \u201cP\u00ebr kthimin e ligjit nr. 52\/2019 \u201cP\u00ebr miratimin e kontrat\u00ebs s\u00eb koncesionit\/PPP nd\u00ebrmjet Ministris\u00eb s\u00eb Infrastruktur\u00ebs dhe Energjis\u00eb, si autoriteti kontraktor, shoq\u00ebris\u00eb \u201cANK\u201d, sh.p.k., si koncesionari, dhe shoq\u00ebris\u00eb \u201cBardh konstruksion\u201d, sh.p.k., si shoq\u00ebria koncesionare, p\u00ebr projektimin, nd\u00ebrtimin dhe mir\u00ebmbajtjen e segmentit rrugor Milot \u2013 Balldren\u201d\u201d<\/p>\n<p><strong>15 vota pro, 77 kund\u00ebr \u00a0dhe 11 abstenim-<\/strong>\u00a0Dekreti i Presidentit t\u00eb Republik\u00ebs \u201cP\u00ebr propozimin e kryetarit t\u00eb Kontrollit t\u00eb Lart\u00eb t\u00eb Shtetit\u201d<\/p>\n<p>Kuvendi votoi edhe projektligjin &#8220;P\u00ebr ratifikimin e marr\u00ebveshjes, nd\u00ebrmjet K\u00ebshillit t\u00eb Ministrave t\u00eb Republik\u00ebs s\u00eb Shqip\u00ebris\u00eb dhe qeveris\u00eb s\u00eb shtetit t\u00eb Katarit, p\u00ebr transportin detar&#8221; me 98 vota pro, 1 kund\u00ebr dhe 3 abstenim, si dhe projektligjin &#8220;P\u00ebr aderimin e Republik\u00ebs s\u00eb Shqip\u00ebris\u00eb n\u00eb Konvent\u00ebn p\u00ebr P\u00ebrpunimin e Farmakopes\u00eb Evropiane, Strasburg 22.VII.1964, tekst i ndryshuar n\u00eb p\u00ebrputhje me dispozitat e protokollit t\u00eb konvent\u00ebs (EST nr.134) me 100 vota pro, asnj\u00eb kund\u00ebr dhe 2 abstenim.<\/p>\n<p>Po sot Kuvendi votoi Besnik Dervishin si Komisioner p\u00ebr t\u00eb Drejt\u00ebn e Informimit dhe Mbrojtjen e t\u00eb Dh\u00ebnave Personale me 100 pro, asnj\u00eb kund\u00ebr dhe 2 abstenim.<\/p>\n","protected":false},"excerpt":{"rendered":"<p>Pas nj\u00eb s\u00e9ance gati pes\u00eb or\u00ebsh, Kuvendi ka votuar \u00a0rr\u00ebzimin e 8 dekreteve t\u00eb Presidentit t\u00eb Republik\u00ebs, Ilir Meta. 23 vota pro, 76 kund\u00ebr dhe 3 abstenim-Dekreti i Presidentit t\u00eb Republik\u00ebs \u201cP\u00ebr kthimin e ligjit nr. 37\/2019 \u201cP\u00ebr disa shtesa n\u00eb aktin normativ, me fuqin\u00eb e ligjit, nr. 4, dat\u00eb 9.7.2008, t\u00eb K\u00ebshillit t\u00eb Ministrave, [&hellip;]<\/p>\n","protected":false},"author":2013,"featured_media":106337,"comment_status":"open","ping_status":"closed","sticky":false,"template":"","format":"standard","meta":{"footnotes":""},"categories":[241,235],"tags":[],"class_list":{"0":"post-106336","1":"post","2":"type-post","3":"status-publish","4":"format-standard","5":"has-post-thumbnail","7":"category-aktualitet","8":"category-vendi"},"_links":{"self":[{"href":"https:\/\/zjarr.tv\/sq\/wp-json\/wp\/v2\/posts\/106336","targetHints":{"allow":["GET"]}}],"collection":[{"href":"https:\/\/zjarr.tv\/sq\/wp-json\/wp\/v2\/posts"}],"about":[{"href":"https:\/\/zjarr.tv\/sq\/wp-json\/wp\/v2\/types\/post"}],"author":[{"embeddable":true,"href":"https:\/\/zjarr.tv\/sq\/wp-json\/wp\/v2\/users\/2013"}],"replies":[{"embeddable":true,"href":"https:\/\/zjarr.tv\/sq\/wp-json\/wp\/v2\/comments?post=106336"}],"version-history":[{"count":0,"href":"https:\/\/zjarr.tv\/sq\/wp-json\/wp\/v2\/posts\/106336\/revisions"}],"wp:featuredmedia":[{"embeddable":true,"href":"https:\/\/zjarr.tv\/sq\/wp-json\/wp\/v2\/media\/106337"}],"wp:attachment":[{"href":"https:\/\/zjarr.tv\/sq\/wp-json\/wp\/v2\/media?parent=106336"}],"wp:term":[{"taxonomy":"category","embeddable":true,"href":"https:\/\/zjarr.tv\/sq\/wp-json\/wp\/v2\/categories?post=106336"},{"taxonomy":"post_tag","embeddable":true,"href":"https:\/\/zjarr.tv\/sq\/wp-json\/wp\/v2\/tags?post=106336"}],"curies":[{"name":"wp","href":"https:\/\/api.w.org\/{rel}","templated":true}]}}