{"id":106504,"date":"2019-09-13T13:39:49","date_gmt":"2019-09-13T11:39:49","guid":{"rendered":"https:\/\/zjarr.tv\/?p=106504"},"modified":"2019-09-13T13:39:49","modified_gmt":"2019-09-13T11:39:49","slug":"lsi-del-ne-terren-kryemadhi-takim-me-qytetaret-ne-tirane","status":"publish","type":"post","link":"https:\/\/zjarr.tv\/sq\/lsi-del-ne-terren-kryemadhi-takim-me-qytetaret-ne-tirane\/","title":{"rendered":"LSI del n\u00eb terren, Kryemadhi takim me qytetar\u00ebt n\u00eb Tiran\u00eb"},"content":{"rendered":"<p>Monika Kryemadhi ka vijuar takimet me qytetar\u00eb dhe mb\u00ebshtet\u00ebs. Ndales\u00ebn e radh\u00ebs Kryemadhi e zhvilloi n\u00eb Tiran\u00eb ku kishte nj\u00eb takim ndryshe, n\u00eb nj\u00eb nga banesat e qytetar\u00ebve.<\/p>\n<p>Kryetarja e LSI e shoq\u00ebruar nga Sekretari i P\u00ebrgjithsh\u00ebm, Endrit Braimllari dhe n\u00ebnkryetari i LRI, Klevi Pojana ka bashk\u00ebbiseduar dhe ka d\u00ebgjuar shqet\u00ebsimet e qytetar\u00ebve.<\/p>\n<div id=\"rekl-28\"><\/div>\n<p>Papun\u00ebsia, largimi i t\u00eb rinjve ishin disa nga problematikat q\u00eb ata i ngrit\u00ebn Kryemadhit. Nd\u00ebrkaq, kryetarja e LSI iu shpjegoi programin p\u00ebr ekonomin\u00eb ku synimi kryesor \u00ebsht\u00eb mb\u00ebshtetja e biznesit t\u00eb vog\u00ebl, inkurajimi i t\u00eb rinjve p\u00ebr t\u00eb mos u larguar nga vendi duke i krijuar mund\u00ebsin\u00eb t\u00eb hapin biznese n\u00eb vendin e tyre.<\/p>\n<div id=\"rekl-13\">\n<div id=\"__sap-ad-15\" class=\"__sap-ads __sap-html tracked\" data-title=\"Credins desktop 08\"><\/div>\n<\/div>\n","protected":false},"excerpt":{"rendered":"<p>Monika Kryemadhi ka vijuar takimet me qytetar\u00eb dhe mb\u00ebshtet\u00ebs. Ndales\u00ebn e radh\u00ebs Kryemadhi e zhvilloi n\u00eb Tiran\u00eb ku kishte nj\u00eb takim ndryshe, n\u00eb nj\u00eb nga banesat e qytetar\u00ebve. Kryetarja e LSI e shoq\u00ebruar nga Sekretari i P\u00ebrgjithsh\u00ebm, Endrit Braimllari dhe n\u00ebnkryetari i LRI, Klevi Pojana ka bashk\u00ebbiseduar dhe ka d\u00ebgjuar shqet\u00ebsimet e qytetar\u00ebve. Papun\u00ebsia, largimi [&hellip;]<\/p>\n","protected":false},"author":2013,"featured_media":106508,"comment_status":"open","ping_status":"closed","sticky":false,"template":"","format":"standard","meta":{"footnotes":""},"categories":[241,235],"tags":[],"class_list":{"0":"post-106504","1":"post","2":"type-post","3":"status-publish","4":"format-standard","5":"has-post-thumbnail","7":"category-aktualitet","8":"category-vendi"},"_links":{"self":[{"href":"https:\/\/zjarr.tv\/sq\/wp-json\/wp\/v2\/posts\/106504","targetHints":{"allow":["GET"]}}],"collection":[{"href":"https:\/\/zjarr.tv\/sq\/wp-json\/wp\/v2\/posts"}],"about":[{"href":"https:\/\/zjarr.tv\/sq\/wp-json\/wp\/v2\/types\/post"}],"author":[{"embeddable":true,"href":"https:\/\/zjarr.tv\/sq\/wp-json\/wp\/v2\/users\/2013"}],"replies":[{"embeddable":true,"href":"https:\/\/zjarr.tv\/sq\/wp-json\/wp\/v2\/comments?post=106504"}],"version-history":[{"count":0,"href":"https:\/\/zjarr.tv\/sq\/wp-json\/wp\/v2\/posts\/106504\/revisions"}],"wp:featuredmedia":[{"embeddable":true,"href":"https:\/\/zjarr.tv\/sq\/wp-json\/wp\/v2\/media\/106508"}],"wp:attachment":[{"href":"https:\/\/zjarr.tv\/sq\/wp-json\/wp\/v2\/media?parent=106504"}],"wp:term":[{"taxonomy":"category","embeddable":true,"href":"https:\/\/zjarr.tv\/sq\/wp-json\/wp\/v2\/categories?post=106504"},{"taxonomy":"post_tag","embeddable":true,"href":"https:\/\/zjarr.tv\/sq\/wp-json\/wp\/v2\/tags?post=106504"}],"curies":[{"name":"wp","href":"https:\/\/api.w.org\/{rel}","templated":true}]}}