{"id":106512,"date":"2019-09-13T13:41:42","date_gmt":"2019-09-13T11:41:42","guid":{"rendered":"https:\/\/zjarr.tv\/?p=106512"},"modified":"2019-09-13T13:41:42","modified_gmt":"2019-09-13T11:41:42","slug":"nishani-meta-nuk-shkarkohet-venecia-perpjekje-e-shumices-per-justifikim","status":"publish","type":"post","link":"https:\/\/zjarr.tv\/sq\/nishani-meta-nuk-shkarkohet-venecia-perpjekje-e-shumices-per-justifikim\/","title":{"rendered":"Nishani: Meta nuk shkarkohet, \u2018Venecia\u2019 p\u00ebrpjekje e shumic\u00ebs p\u00ebr justifikim"},"content":{"rendered":"<p>Kreu i K\u00ebshillit Komb\u00ebtar t\u00eb PD-s\u00eb, nj\u00ebkoh\u00ebsisht edhe ish-presidenti, Bujar Nishani thot\u00eb se thirrja e Komisionit t\u00eb Venecias p\u00ebr k\u00ebshillim mbi nisjen e procedurave p\u00ebr shkarkimin e Presidentit Meta, \u00ebsht\u00eb nj\u00eb p\u00ebrpjekje e shumic\u00ebs socialiste p\u00ebr t\u00eb justifikuar faktin q\u00eb nuk mund ta shkarkoj\u00eb Presidentin.<\/p>\n<p>\u2018Presidenti ka ushtruar nj\u00eb tag\u00ebr kushtetues, p\u00ebr t\u00eb shfuqizuar nj\u00eb dekret t\u00eb m\u00ebparsh\u00ebm, pra \u00ebsht\u00eb nj\u00eb procedur\u00eb rutin\u00eb. Por p\u00ebrfshirja e Komisionit t\u00eb Venecias \u00ebsht\u00eb nj\u00eb akt po aq i sh\u00ebmtuar sa \u00e7\u2019ishte ngritja e komisionit p\u00ebr shkarkimin e Presidentit.<\/p>\n<p>E dinte edhe Kryeministri q\u00eb Venecia nuk mund t\u00eb pranonte shkarkimin e Presidentit. Por e ka p\u00ebrdorur k\u00ebt\u00eb komision p\u00ebr t\u00eb gjetur nj\u00eb rrug\u00ebdalje nga veprimi i turpsh\u00ebm, duke krijuar nj\u00eb precedent jo vet\u00ebm t\u00eb sh\u00ebmtuar, por edhe t\u00eb rreziksh\u00ebm politikisht, p\u00ebr t\u00eb sulmuar institucionalisht Presidentin e Republik\u00ebs\u2019, u shpreh Nishani, n\u00eb lidhje t\u00eb drejtp\u00ebrdrejt\u00eb n\u00eb edicionin informativ t\u00eb or\u00ebs 13:00 n\u00eb A2.<\/p>\n","protected":false},"excerpt":{"rendered":"<p>Kreu i K\u00ebshillit Komb\u00ebtar t\u00eb PD-s\u00eb, nj\u00ebkoh\u00ebsisht edhe ish-presidenti, Bujar Nishani thot\u00eb se thirrja e Komisionit t\u00eb Venecias p\u00ebr k\u00ebshillim mbi nisjen e procedurave p\u00ebr shkarkimin e Presidentit Meta, \u00ebsht\u00eb nj\u00eb p\u00ebrpjekje e shumic\u00ebs socialiste p\u00ebr t\u00eb justifikuar faktin q\u00eb nuk mund ta shkarkoj\u00eb Presidentin. \u2018Presidenti ka ushtruar nj\u00eb tag\u00ebr kushtetues, p\u00ebr t\u00eb shfuqizuar nj\u00eb [&hellip;]<\/p>\n","protected":false},"author":2013,"featured_media":69318,"comment_status":"open","ping_status":"closed","sticky":false,"template":"","format":"standard","meta":{"footnotes":""},"categories":[241,235],"tags":[],"class_list":{"0":"post-106512","1":"post","2":"type-post","3":"status-publish","4":"format-standard","5":"has-post-thumbnail","7":"category-aktualitet","8":"category-vendi"},"_links":{"self":[{"href":"https:\/\/zjarr.tv\/sq\/wp-json\/wp\/v2\/posts\/106512","targetHints":{"allow":["GET"]}}],"collection":[{"href":"https:\/\/zjarr.tv\/sq\/wp-json\/wp\/v2\/posts"}],"about":[{"href":"https:\/\/zjarr.tv\/sq\/wp-json\/wp\/v2\/types\/post"}],"author":[{"embeddable":true,"href":"https:\/\/zjarr.tv\/sq\/wp-json\/wp\/v2\/users\/2013"}],"replies":[{"embeddable":true,"href":"https:\/\/zjarr.tv\/sq\/wp-json\/wp\/v2\/comments?post=106512"}],"version-history":[{"count":0,"href":"https:\/\/zjarr.tv\/sq\/wp-json\/wp\/v2\/posts\/106512\/revisions"}],"wp:featuredmedia":[{"embeddable":true,"href":"https:\/\/zjarr.tv\/sq\/wp-json\/wp\/v2\/media\/69318"}],"wp:attachment":[{"href":"https:\/\/zjarr.tv\/sq\/wp-json\/wp\/v2\/media?parent=106512"}],"wp:term":[{"taxonomy":"category","embeddable":true,"href":"https:\/\/zjarr.tv\/sq\/wp-json\/wp\/v2\/categories?post=106512"},{"taxonomy":"post_tag","embeddable":true,"href":"https:\/\/zjarr.tv\/sq\/wp-json\/wp\/v2\/tags?post=106512"}],"curies":[{"name":"wp","href":"https:\/\/api.w.org\/{rel}","templated":true}]}}