{"id":106516,"date":"2019-09-13T14:11:47","date_gmt":"2019-09-13T12:11:47","guid":{"rendered":"https:\/\/zjarr.tv\/?p=106516"},"modified":"2019-09-13T14:11:47","modified_gmt":"2019-09-13T12:11:47","slug":"ministria-e-jashtme-ceke-i-shuan-shpresat-serbise-sdo-te-kete-terheqje-te-njohjes-se-kosoves","status":"publish","type":"post","link":"https:\/\/zjarr.tv\/sq\/ministria-e-jashtme-ceke-i-shuan-shpresat-serbise-sdo-te-kete-terheqje-te-njohjes-se-kosoves\/","title":{"rendered":"Ministria e Jashtme \u00e7eke i shuan \u2018shpresat\u2019 Serbis\u00eb: S\u2019do t\u00eb ket\u00eb t\u00ebrheqje t\u00eb njohjes s\u00eb Kosov\u00ebs"},"content":{"rendered":"<p>Ministria e Jashtme e \u00c7ekis\u00eb, p\u00ebrmes nj\u00eb njoftimi ka reaguar ndaj pretendimeve t\u00eb presidentit \u00e7ek Milos Zeman se do t\u00eb p\u00ebrpiqet t\u00eb shoh\u00eb n\u00ebse \u00ebsht\u00eb e mundur t\u00eb t\u00ebrhiqet njohja e Kosov\u00ebs nga Republika \u00c7eke.<br \/>\nN\u00eb k\u00ebt\u00eb drejtim, si\u00e7 shkruan agjencia serbe e lajmeve Beta, p\u00ebrcjell Telegrafi, MPJ e \u00c7ekis\u00eb ka th\u00ebn\u00eb se ky shtet e ka njohur Kosov\u00ebn dhe se Republika \u00c7eke nuk e ka t\u00ebrhequr kurr\u00eb njohjen e asnj\u00eb shteti, deri m\u00eb tani.<\/p>\n<p>\u201cQeveria \u00c7eke njohu Republik\u00ebn e Kosov\u00ebs dhe n\u00eb t\u00eb nj\u00ebjt\u00ebn koh\u00eb dha p\u00eblqimin p\u00ebr vendosjen e marr\u00ebdh\u00ebnieve diplomatike. Ishte nj\u00eb njohje de jure, d.m.th. njohje e nj\u00eb shteti i cili \u00ebsht\u00eb plot\u00ebsisht dhe p\u00ebrfundimisht n\u00eb p\u00ebrputhje me pik\u00ebpamjet e ligjit nd\u00ebrkomb\u00ebtar. Republika \u00c7eke asnj\u00ebher\u00eb deri m\u00eb tani nuk ka t\u00ebrhequr njohjen e asnj\u00eb vendi\u201d, \u00ebsht\u00eb th\u00ebn\u00eb n\u00eb nj\u00eb deklarat\u00eb t\u00eb MPJ-s\u00eb s\u00eb \u00c7ekis\u00eb, n\u00eb faqen e saj t\u00eb internetit, p\u00ebrcjell Telegrafi. Deklarata kujton se Kosova \u00ebsht\u00eb njohur gjithashtu nga rreth 100 shtete an\u00ebtare t\u00eb Kombeve t\u00eb Bashkuara dhe gjithashtu \u00ebsht\u00eb pranuar n\u00eb disa organizata nd\u00ebrkomb\u00ebtare si Fondi Monetar Nd\u00ebrkomb\u00ebtar ose Banka Bot\u00ebrore.<\/p>\n<p>\u201cRepublika \u00c7eke ka nj\u00eb interes t\u00eb padyshimt\u00eb n\u00eb ruajtjen e marr\u00ebveshjeve nd\u00ebrkomb\u00ebtare me Republik\u00ebn e Kosov\u00ebs, p\u00ebrfshir\u00eb detyrimet q\u00eb rrjedhin prej tyre p\u00ebr t\u00eb dy pal\u00ebt\u201d, thuhet n\u00eb deklarat\u00eb. Mediat serbe kujton se Vaclav Klaus dhe Milos Zeman kan\u00eb qen\u00eb kund\u00ebrshtar\u00eb t\u00eb vazhduesh\u00ebm t\u00eb njohjes s\u00eb pavar\u00ebsis\u00eb s\u00eb Kosov\u00ebs dhe t\u00eb dy kan\u00eb bllokuar em\u00ebrimin e nj\u00eb ambasadori \u00c7ek n\u00eb Prishtin\u00eb.<\/p>\n<p>Po sipas k\u00ebtij mediumi, mediat paralajm\u00ebrojn\u00eb se n\u00ebse Republika \u00c7eke t\u00ebrheq njohjen, problemet me k\u00ebto marr\u00ebveshje bilaterale do t\u00eb shfaqen dhe nuk do t\u00eb jen\u00eb n\u00eb gjendje t\u00eb k\u00ebrkojn\u00eb q\u00eb dispozitat e tyre t\u00eb p\u00ebrmbushen.<\/p>\n<p>Premisat se Zeman mund t\u00eb ket\u00eb sukses n\u00eb \u201ciniciativ\u00ebn\u201d e tij gjithashtu jan\u00eb \u201cshuar\u201d s\u00eb fundmi, pasi q\u00eb kryeministri \u00e7ek Andrei Babisch tha se do t\u00eb flas\u00eb p\u00ebr k\u00ebt\u00eb me Zeman dhe p\u00ebrfaq\u00ebsuesit e t\u00eb dy Dhomave t\u00eb Parlamentit n\u00eb mbledhjen pas nj\u00eb muaji p\u00ebr koordinimin e politik\u00ebs s\u00eb jashtme, por se nuk sheh asnj\u00eb arsye q\u00eb Republika \u00c7eke t\u00eb ndryshoj\u00eb q\u00ebndrimin e saj ndaj njohjes s\u00eb Kosov\u00ebs.<\/p>\n","protected":false},"excerpt":{"rendered":"<p>Ministria e Jashtme e \u00c7ekis\u00eb, p\u00ebrmes nj\u00eb njoftimi ka reaguar ndaj pretendimeve t\u00eb presidentit \u00e7ek Milos Zeman se do t\u00eb p\u00ebrpiqet t\u00eb shoh\u00eb n\u00ebse \u00ebsht\u00eb e mundur t\u00eb t\u00ebrhiqet njohja e Kosov\u00ebs nga Republika \u00c7eke. N\u00eb k\u00ebt\u00eb drejtim, si\u00e7 shkruan agjencia serbe e lajmeve Beta, p\u00ebrcjell Telegrafi, MPJ e \u00c7ekis\u00eb ka th\u00ebn\u00eb se ky shtet [&hellip;]<\/p>\n","protected":false},"author":2013,"featured_media":106518,"comment_status":"open","ping_status":"closed","sticky":false,"template":"","format":"standard","meta":{"footnotes":""},"categories":[241,2],"tags":[],"class_list":{"0":"post-106516","1":"post","2":"type-post","3":"status-publish","4":"format-standard","5":"has-post-thumbnail","7":"category-aktualitet","8":"category-rajoni"},"_links":{"self":[{"href":"https:\/\/zjarr.tv\/sq\/wp-json\/wp\/v2\/posts\/106516","targetHints":{"allow":["GET"]}}],"collection":[{"href":"https:\/\/zjarr.tv\/sq\/wp-json\/wp\/v2\/posts"}],"about":[{"href":"https:\/\/zjarr.tv\/sq\/wp-json\/wp\/v2\/types\/post"}],"author":[{"embeddable":true,"href":"https:\/\/zjarr.tv\/sq\/wp-json\/wp\/v2\/users\/2013"}],"replies":[{"embeddable":true,"href":"https:\/\/zjarr.tv\/sq\/wp-json\/wp\/v2\/comments?post=106516"}],"version-history":[{"count":0,"href":"https:\/\/zjarr.tv\/sq\/wp-json\/wp\/v2\/posts\/106516\/revisions"}],"wp:featuredmedia":[{"embeddable":true,"href":"https:\/\/zjarr.tv\/sq\/wp-json\/wp\/v2\/media\/106518"}],"wp:attachment":[{"href":"https:\/\/zjarr.tv\/sq\/wp-json\/wp\/v2\/media?parent=106516"}],"wp:term":[{"taxonomy":"category","embeddable":true,"href":"https:\/\/zjarr.tv\/sq\/wp-json\/wp\/v2\/categories?post=106516"},{"taxonomy":"post_tag","embeddable":true,"href":"https:\/\/zjarr.tv\/sq\/wp-json\/wp\/v2\/tags?post=106516"}],"curies":[{"name":"wp","href":"https:\/\/api.w.org\/{rel}","templated":true}]}}