{"id":106517,"date":"2019-09-13T14:13:06","date_gmt":"2019-09-13T12:13:06","guid":{"rendered":"https:\/\/zjarr.tv\/?p=106517"},"modified":"2019-09-13T14:13:06","modified_gmt":"2019-09-13T12:13:06","slug":"sherr-per-pronen-nipat-rrahin-hallen-ne-fier-arrestohen","status":"publish","type":"post","link":"https:\/\/zjarr.tv\/sq\/sherr-per-pronen-nipat-rrahin-hallen-ne-fier-arrestohen\/","title":{"rendered":"Sherr p\u00ebr pron\u00ebn, nipat rrahin hall\u00ebn n\u00eb Fier, arrestohen"},"content":{"rendered":"<p>Policia e Fierit ka v\u00ebn\u00eb n\u00eb pranga dy t\u00eb rinj pasi akuzohen se kan\u00eb ushtruar dhun\u00eb fizike ndaj hall\u00ebs s\u00eb tyre.<\/p>\n<p>Specialist\u00ebt p\u00ebr Hetimin e Krimeve n\u00eb Komisariatin e Policis\u00eb Fier, arrestuan n\u00eb flagranc\u00eb shtetasit M.M., 30 vje\u00e7 dhe A.M., 24 vje\u00e7, banues n\u00eb Fier, v\u00ebllez\u00ebr me njeri-tjetrin.<\/p>\n<p>Arrestimi i tyre u b\u00eb pasi p\u00ebr motive pron\u00ebsie kan\u00eb ushtruar dhun\u00eb fizike, ndaj hall\u00ebs s\u00eb tyre, shtetases M.B., 45 vje\u00e7e e cila ishte e pajisur me urdh\u00ebr mbrojtje.<\/p>\n<div id=\"pa_1x1_psbk_1568376751286\"><\/div>\n<p>Gjat\u00eb kontrollit t\u00eb banes\u00ebs s\u00eb k\u00ebtyre shtetasve jan\u00eb gjetur dhe sekuestruar n\u00eb cil\u00ebsin\u00eb e prov\u00ebs materiale disa fishek\u00eb luftarak.<\/p>\n<p>Materialet i kaluan Prokuroris\u00eb pran\u00eb Gjykat\u00ebs s\u00eb Shkall\u00ebs s\u00eb Par\u00eb Fier p\u00ebr veprat penale \u201cDhun\u00eb n\u00eb familje\u201d \u201cMbajtja pa leje e municionit luftarak\u201d dhe \u201cVeprime n\u00eb kund\u00ebrshtim me vendimin e Gjykat\u00ebs\u201d.<\/p>\n","protected":false},"excerpt":{"rendered":"<p>Policia e Fierit ka v\u00ebn\u00eb n\u00eb pranga dy t\u00eb rinj pasi akuzohen se kan\u00eb ushtruar dhun\u00eb fizike ndaj hall\u00ebs s\u00eb tyre. Specialist\u00ebt p\u00ebr Hetimin e Krimeve n\u00eb Komisariatin e Policis\u00eb Fier, arrestuan n\u00eb flagranc\u00eb shtetasit M.M., 30 vje\u00e7 dhe A.M., 24 vje\u00e7, banues n\u00eb Fier, v\u00ebllez\u00ebr me njeri-tjetrin. Arrestimi i tyre u b\u00eb pasi p\u00ebr [&hellip;]<\/p>\n","protected":false},"author":2013,"featured_media":93321,"comment_status":"open","ping_status":"closed","sticky":false,"template":"","format":"standard","meta":{"footnotes":""},"categories":[241,235],"tags":[],"class_list":{"0":"post-106517","1":"post","2":"type-post","3":"status-publish","4":"format-standard","5":"has-post-thumbnail","7":"category-aktualitet","8":"category-vendi"},"_links":{"self":[{"href":"https:\/\/zjarr.tv\/sq\/wp-json\/wp\/v2\/posts\/106517","targetHints":{"allow":["GET"]}}],"collection":[{"href":"https:\/\/zjarr.tv\/sq\/wp-json\/wp\/v2\/posts"}],"about":[{"href":"https:\/\/zjarr.tv\/sq\/wp-json\/wp\/v2\/types\/post"}],"author":[{"embeddable":true,"href":"https:\/\/zjarr.tv\/sq\/wp-json\/wp\/v2\/users\/2013"}],"replies":[{"embeddable":true,"href":"https:\/\/zjarr.tv\/sq\/wp-json\/wp\/v2\/comments?post=106517"}],"version-history":[{"count":0,"href":"https:\/\/zjarr.tv\/sq\/wp-json\/wp\/v2\/posts\/106517\/revisions"}],"wp:featuredmedia":[{"embeddable":true,"href":"https:\/\/zjarr.tv\/sq\/wp-json\/wp\/v2\/media\/93321"}],"wp:attachment":[{"href":"https:\/\/zjarr.tv\/sq\/wp-json\/wp\/v2\/media?parent=106517"}],"wp:term":[{"taxonomy":"category","embeddable":true,"href":"https:\/\/zjarr.tv\/sq\/wp-json\/wp\/v2\/categories?post=106517"},{"taxonomy":"post_tag","embeddable":true,"href":"https:\/\/zjarr.tv\/sq\/wp-json\/wp\/v2\/tags?post=106517"}],"curies":[{"name":"wp","href":"https:\/\/api.w.org\/{rel}","templated":true}]}}