{"id":106520,"date":"2019-09-13T14:18:30","date_gmt":"2019-09-13T12:18:30","guid":{"rendered":"https:\/\/zjarr.tv\/?p=106520"},"modified":"2019-09-13T14:18:30","modified_gmt":"2019-09-13T12:18:30","slug":"djegia-e-kuvendit-meta-historia-duhet-te-mesohet-mire-qe-te-mos-perseritet","status":"publish","type":"post","link":"https:\/\/zjarr.tv\/sq\/djegia-e-kuvendit-meta-historia-duhet-te-mesohet-mire-qe-te-mos-perseritet\/","title":{"rendered":"Djegia e Kuvendit, Meta: Historia duhet t\u00eb m\u00ebsohet mir\u00eb q\u00eb t\u00eb mos p\u00ebrs\u00ebritet!"},"content":{"rendered":"<p><em>&#8220;Historia duhet t\u00eb m\u00ebsohet mir\u00eb q\u00eb t\u00eb mos p\u00ebrs\u00ebritet!&#8221;\u00a0<\/em>K\u00ebshtu shkruan kreu i shtetit Ilir Meta si koment ndaj shkrimit t\u00eb gazetarit Roland Qafoku p\u00ebr djegien e Rajhshtag-ut dhe simbolik\u00ebn me parlamentin shqiptar.<\/p>\n<p><em>&#8220;M\u00eb 23 mars 1933 Adolf Hitleri ishte Zoti i Gjermanis\u00eb.<br \/>\nP\u00ebrse \u00a0presidenti Meta p\u00ebrdori fjal\u00ebt \u201cPresidenti nuk mund t\u00eb pranonte, \u00a0lejonte, apo t\u00eb mos shmangte nj\u00eb Rajhshtag t\u00eb ri n\u00eb Shqip\u00ebri,\u201d? A e \u00a0kishte fjal\u00ebn p\u00ebr k\u00ebt\u00eb histori q\u00eb treguam? \u00a0Prej disa muajsh, q\u00eb kur \u00a0nisi p\u00ebrplasja e Met\u00ebs me kryeministrin Edi Rama, simbolika ka qen\u00eb nj\u00eb \u00a0form\u00eb e shpesht\u00eb e p\u00ebrdour prej kreut t\u00eb shtetit. Her\u00eb me alpiniz\u00ebm, \u00a0her\u00eb me not, her\u00eb udh\u00ebtime n\u00eb Bjeshk\u00eb e her\u00eb duke luajtur me kafsh\u00eb \u00a0sht\u00ebpiake, presidenti duket se i ka d\u00ebrguar mesazhe t\u00eb koduara \u00a0kryeministrit. P\u00ebr \u201cRajhshtagun\u201d ende nuk jemi plot\u00ebsisht t\u00eb sigurt\u00eb \u00a0n\u00ebse \u00ebsht\u00eb vijim i k\u00ebtyre mesazheve. Ndoshta nj\u00eb dit\u00eb Meta do ta rr\u00ebfej\u00eb \u00a0vet\u00eb n\u00ebse kur p\u00ebrmendi djegien e Rajshtagut nga Hitleri 86 vjet m\u00eb \u00a0par\u00eb, n\u00ebnkuptonte ose jo Edi Ram\u00ebn n\u00eb Shqip\u00ebri dhe djegien e \u00a0parlamentit. T\u00eb presim&#8221;<\/em>, shkruan mes t\u00eb tjerave, gazetari Roland Qafoku.<\/p>\n","protected":false},"excerpt":{"rendered":"<p>&#8220;Historia duhet t\u00eb m\u00ebsohet mir\u00eb q\u00eb t\u00eb mos p\u00ebrs\u00ebritet!&#8221;\u00a0K\u00ebshtu shkruan kreu i shtetit Ilir Meta si koment ndaj shkrimit t\u00eb gazetarit Roland Qafoku p\u00ebr djegien e Rajhshtag-ut dhe simbolik\u00ebn me parlamentin shqiptar. &#8220;M\u00eb 23 mars 1933 Adolf Hitleri ishte Zoti i Gjermanis\u00eb. P\u00ebrse \u00a0presidenti Meta p\u00ebrdori fjal\u00ebt \u201cPresidenti nuk mund t\u00eb pranonte, \u00a0lejonte, apo t\u00eb [&hellip;]<\/p>\n","protected":false},"author":2013,"featured_media":99676,"comment_status":"open","ping_status":"closed","sticky":false,"template":"","format":"standard","meta":{"footnotes":""},"categories":[241,235],"tags":[],"class_list":{"0":"post-106520","1":"post","2":"type-post","3":"status-publish","4":"format-standard","5":"has-post-thumbnail","7":"category-aktualitet","8":"category-vendi"},"_links":{"self":[{"href":"https:\/\/zjarr.tv\/sq\/wp-json\/wp\/v2\/posts\/106520","targetHints":{"allow":["GET"]}}],"collection":[{"href":"https:\/\/zjarr.tv\/sq\/wp-json\/wp\/v2\/posts"}],"about":[{"href":"https:\/\/zjarr.tv\/sq\/wp-json\/wp\/v2\/types\/post"}],"author":[{"embeddable":true,"href":"https:\/\/zjarr.tv\/sq\/wp-json\/wp\/v2\/users\/2013"}],"replies":[{"embeddable":true,"href":"https:\/\/zjarr.tv\/sq\/wp-json\/wp\/v2\/comments?post=106520"}],"version-history":[{"count":0,"href":"https:\/\/zjarr.tv\/sq\/wp-json\/wp\/v2\/posts\/106520\/revisions"}],"wp:featuredmedia":[{"embeddable":true,"href":"https:\/\/zjarr.tv\/sq\/wp-json\/wp\/v2\/media\/99676"}],"wp:attachment":[{"href":"https:\/\/zjarr.tv\/sq\/wp-json\/wp\/v2\/media?parent=106520"}],"wp:term":[{"taxonomy":"category","embeddable":true,"href":"https:\/\/zjarr.tv\/sq\/wp-json\/wp\/v2\/categories?post=106520"},{"taxonomy":"post_tag","embeddable":true,"href":"https:\/\/zjarr.tv\/sq\/wp-json\/wp\/v2\/tags?post=106520"}],"curies":[{"name":"wp","href":"https:\/\/api.w.org\/{rel}","templated":true}]}}