{"id":106539,"date":"2019-09-13T14:32:05","date_gmt":"2019-09-13T12:32:05","guid":{"rendered":"https:\/\/zjarr.tv\/?p=106539"},"modified":"2019-09-13T14:32:05","modified_gmt":"2019-09-13T12:32:05","slug":"ngecja-e-vettingut-ne-polici-problem-koordinimi-me-institucionet","status":"publish","type":"post","link":"https:\/\/zjarr.tv\/sq\/ngecja-e-vettingut-ne-polici-problem-koordinimi-me-institucionet\/","title":{"rendered":"\u201cNgecja\u201d e vettingut n\u00eb polici, problem koordinimi me institucionet"},"content":{"rendered":"<p><em>Mos-koordinimi mes institucioneve dhe nj\u00eb ser\u00eb problematikash tjera jan\u00eb b\u00ebr\u00eb shkak p\u00ebr zvarritjen e procesit t\u00eb vettingut n\u00eb polici. Shqet\u00ebsimet p\u00ebr mos vijimin e pun\u00ebs jan\u00eb ngritur nga kryetarja e komisionit t\u00eb jasht\u00ebm t\u00eb vler\u00ebsimit gjat\u00eb raportimit n\u00eb n\u00ebnkomisonin e siguris\u00eb p\u00ebr hapat q\u00eb jan\u00eb ndjekur gjat\u00eb k\u00ebtij procesi si dhe problematikat e hasura.<\/em><\/p>\n<p>Mos-koordinimi mes institucioneve dhe vonesa n\u00eb kthimin e p\u00ebrgjigjeve \u00ebsht\u00eb b\u00ebr\u00eb shkak p\u00ebr zvarritjen e procesit t\u00eb vettingut n\u00eb radh\u00ebt e policis\u00eb.<\/p>\n<p>Jan\u00eb t\u00eb pakt\u00ebn 3 institucione, q\u00eb sipas kryetares s\u00eb komisionit t\u00eb jasht\u00ebm t\u00eb vler\u00ebsimit q\u00eb kan\u00eb krijuar vonesa n\u00eb procesin e vler\u00ebsimit t\u00eb drejtuesve t\u00eb lart\u00eb t\u00eb bluve.<\/p>\n<p><strong>Kapaj:<\/strong>\u00a0<em>Momentalisht komisioni \u00ebsht\u00eb n\u00eb tratativa me QKB p\u00ebr firmosjen e nj\u00eb marr\u00ebveshje q\u00eb do procedohen m\u00eb shpejt ardhjet e p\u00ebrgjigjeve. Kemi p\u00ebrgjigje t\u00eb munguara nga Prokuroria e P\u00ebrgjithshme q\u00eb na ka penguar ne finalizimin e nj\u00eb hetimi n\u00eb fund. N\u00ebse flasim p\u00ebr institucione n\u00eb t\u00eb cilat ne kemi v\u00ebshtir\u00ebsi n\u00eb leximin e informacionit q\u00eb na vjen, \u00e7ka na ka \u00e7uar ne nj\u00eb faz\u00eb t\u00eb dyt\u00eb t\u00eb k\u00ebrkimit t\u00eb nj\u00eb informacioni nga k\u00ebto institucione, kryesisht lidhet me institucione si SHISH.<\/em><\/p>\n<p>Ndon\u00ebse ligji p\u00ebr vettingun \u00ebsht\u00eb ndryshuar dy her\u00eb, fondi i p\u00ebrcaktuar nuk \u00ebsht\u00eb i mjaftuesh\u00ebm pasi ka mungesa n\u00eb stafin e komisionit t\u00eb jasht\u00ebm.<\/p>\n<p><strong>Kapaj<i>:<\/i><\/strong><em>\u00a0Nuk \u00ebsht\u00eb parashikuar staf mb\u00ebshtet\u00ebs p\u00ebr pun\u00eb administrative tonat t\u00eb p\u00ebrditshme. Kjo \u00ebsht\u00eb nj\u00eb nga mungesat q\u00eb ne kemi ndjer\u00eb gjat\u00eb k\u00ebsaj kohe.<\/em><\/p>\n<p>Kapaj gjithashtu u ndal dhe n\u00eb nj\u00eb tjet\u00ebr problematik\u00eb q\u00eb \u00ebsht\u00eb largimi i komisioner\u00ebve nga puna dhe afati i shkurt\u00ebr vet\u00ebm 1 vit i vendosur p\u00ebr mbylljen e faz\u00ebs s\u00eb par\u00eb me drejtuesit e lart\u00eb t\u00eb policis\u00eb. Puna e komisionit t\u00eb jasht\u00ebm t\u00eb vler\u00ebsimit ka nisur q\u00eb n\u00eb muajin shkurt, nd\u00ebrsa pran\u00eb k\u00ebtij institucioni kan\u00eb nisur dhe denoncimet e para p\u00ebr efektiv\u00ebt e policis\u00eb.<\/p>\n","protected":false},"excerpt":{"rendered":"<p>Mos-koordinimi mes institucioneve dhe nj\u00eb ser\u00eb problematikash tjera jan\u00eb b\u00ebr\u00eb shkak p\u00ebr zvarritjen e procesit t\u00eb vettingut n\u00eb polici. Shqet\u00ebsimet p\u00ebr mos vijimin e pun\u00ebs jan\u00eb ngritur nga kryetarja e komisionit t\u00eb jasht\u00ebm t\u00eb vler\u00ebsimit gjat\u00eb raportimit n\u00eb n\u00ebnkomisonin e siguris\u00eb p\u00ebr hapat q\u00eb jan\u00eb ndjekur gjat\u00eb k\u00ebtij procesi si dhe problematikat e hasura. Mos-koordinimi [&hellip;]<\/p>\n","protected":false},"author":2013,"featured_media":106540,"comment_status":"open","ping_status":"closed","sticky":false,"template":"","format":"standard","meta":{"footnotes":""},"categories":[241,235],"tags":[],"class_list":{"0":"post-106539","1":"post","2":"type-post","3":"status-publish","4":"format-standard","5":"has-post-thumbnail","7":"category-aktualitet","8":"category-vendi"},"_links":{"self":[{"href":"https:\/\/zjarr.tv\/sq\/wp-json\/wp\/v2\/posts\/106539","targetHints":{"allow":["GET"]}}],"collection":[{"href":"https:\/\/zjarr.tv\/sq\/wp-json\/wp\/v2\/posts"}],"about":[{"href":"https:\/\/zjarr.tv\/sq\/wp-json\/wp\/v2\/types\/post"}],"author":[{"embeddable":true,"href":"https:\/\/zjarr.tv\/sq\/wp-json\/wp\/v2\/users\/2013"}],"replies":[{"embeddable":true,"href":"https:\/\/zjarr.tv\/sq\/wp-json\/wp\/v2\/comments?post=106539"}],"version-history":[{"count":0,"href":"https:\/\/zjarr.tv\/sq\/wp-json\/wp\/v2\/posts\/106539\/revisions"}],"wp:featuredmedia":[{"embeddable":true,"href":"https:\/\/zjarr.tv\/sq\/wp-json\/wp\/v2\/media\/106540"}],"wp:attachment":[{"href":"https:\/\/zjarr.tv\/sq\/wp-json\/wp\/v2\/media?parent=106539"}],"wp:term":[{"taxonomy":"category","embeddable":true,"href":"https:\/\/zjarr.tv\/sq\/wp-json\/wp\/v2\/categories?post=106539"},{"taxonomy":"post_tag","embeddable":true,"href":"https:\/\/zjarr.tv\/sq\/wp-json\/wp\/v2\/tags?post=106539"}],"curies":[{"name":"wp","href":"https:\/\/api.w.org\/{rel}","templated":true}]}}