{"id":106546,"date":"2019-09-13T15:10:06","date_gmt":"2019-09-13T13:10:06","guid":{"rendered":"https:\/\/zjarr.tv\/?p=106546"},"modified":"2019-09-13T15:10:06","modified_gmt":"2019-09-13T13:10:06","slug":"analisti-gjerman-jo-vetem-qe-nuk-ka-negociata-per-shqiperine-por-do-te-shtohen-edhe-kushtet","status":"publish","type":"post","link":"https:\/\/zjarr.tv\/sq\/analisti-gjerman-jo-vetem-qe-nuk-ka-negociata-per-shqiperine-por-do-te-shtohen-edhe-kushtet\/","title":{"rendered":"Analisti gjerman: Jo vet\u00ebm q\u00eb nuk ka negociata p\u00ebr Shqip\u00ebrin\u00eb, por do t\u00eb shtohen edhe kushtet"},"content":{"rendered":"<p>Nd\u00ebrkoh\u00eb q\u00eb kryeministri i Shqip\u00ebris\u00eb, Edi Rama, u prit dit\u00ebn e sotme mjaft\u00eb ftoht\u00eb n\u00eb Bundestag dhe nga kancelarja Merkel, n\u00eb mediat e huaja kan\u00eb nisur analizat p\u00ebr fatin e negociatave mes BE-s\u00eb dhe Shqip\u00ebris\u00eb n\u00eb muajin tetor.<\/p>\n<p>K\u00ebshtu, Damir Fras, korrespondentit p\u00ebr pun\u00ebt europiane t\u00eb \u201cRrjetit Editorial Gjerman\u201d, n\u00ebp\u00ebrmjet nj\u00eb shkrimi t\u00eb publikuar mesdit\u00ebn e sotme shkruan se, Bashkimi Europian, do t\u2019i vendos\u00eb kushte t\u00eb reja Shqip\u00ebris\u00eb p\u00ebr \u00e7eljen e negociatave p\u00ebr an\u00ebtar\u00ebsim n\u00eb Bashkimin Europian.<\/p>\n<p>\u201cUnioni kristandemokrat dhe SPD do t\u00eb vonojn\u00eb \u00e7eljen e negociatave me Ballkanin. Ata nuk e shohin si t\u00eb p\u00ebrshtatshme kriz\u00ebn dhe pasigurin\u00eb ligjore n\u00eb Shqip\u00ebri\u201d, e nis artikullin gazetari Fras.<\/p>\n<div id=\"rekl-13\">\n<div id=\"__sap-ad-15\" class=\"__sap-ads __sap-html tracked\" data-title=\"Credins desktop 08\"><img loading=\"lazy\" decoding=\"async\" src=\"https:\/\/ads1.medium.al\/www\/delivery\/lg.php?bannerid=373&amp;campaignid=48&amp;zoneid=182&amp;loc=https%3A%2F%2Fwww.syri.net%2Fpolitike%2F280238%2Fanalisti-gjerman-jo-vetem-qe-nuk-ka-negociata-per-shqiperine-por-do-te-shtohen-edhe-kushtet%2F&amp;referer=https%3A%2F%2Fwww.syri.net%2Flajme%2F&amp;cb=282dd06d16\" alt=\"\" width=\"0\" height=\"0\" \/><\/div>\n<\/div>\n<p>Gjithashtu n\u00eb shkrimin e tij ai thekson se Shqip\u00ebria duhet s\u00eb pari, t\u00eb reformoj\u00eb ligjin zgjedhor dhe t\u00eb vendos\u00eb n\u00eb funksion sistemin gjyq\u00ebsor. K\u00ebto kushte sipas Fras jan\u00eb nga m\u00eb kryesoret, p\u00ebrpara hapjes s\u00eb kapitujve t\u00eb par\u00eb t\u00eb an\u00ebtar\u00ebsimin me BE-n\u00eb. Gazetari shton gjithashtu se nj\u00eb \u00e7\u00ebshtje q\u00eb ka hapur diskutime \u00ebsht\u00eb, edhe lidhja e gjyq\u00ebsorit me krimin n\u00eb Shqip\u00ebri.<\/p>\n<p>\u201cShqip\u00ebria do t\u00eb duhej t\u00eb reformonte ligjin e saj zgjedhor dhe t\u00eb garantonte \u201cfunksionimin\u201d e gjyq\u00ebsorit \u2013 dhe shum\u00eb m\u00eb tep\u00ebr. Nd\u00ebr t\u00eb tjera, \u201cp\u00ebrparim i q\u00ebndruesh\u00ebm n\u00eb luft\u00ebn kund\u00ebr korrupsionit dhe krimit t\u00eb organizuar n\u00eb t\u00eb gjitha nivelet\u201d. Mbi t\u00eb gjitha, lidhjet mes politik\u00ebs, gjyq\u00ebsorit dhe mafies vazhdojn\u00eb t\u00eb shkaktojn\u00eb diskutime\u201d, shkruan mes t\u00eb tjerave ai.<\/p>\n<p>Ky kontekst do t\u00eb sjell\u00eb vendosjen e kushteve t\u00eb reja, t\u00eb cilat do t\u00eb shtyjn\u00eb akoma m\u00eb shum\u00eb procesin e nisjes s\u00eb negociatave.<\/p>\n<p>Sa i p\u00ebrket samitit t\u00eb tetorit gazetari n\u00ebnvizon, se nd\u00ebrsa Bundestagu duhet t\u00eb marr\u00eb ende nj\u00eb vendim, Holanda dhe Franca jan\u00eb shprehur kund\u00ebr \u00e7eljes s\u00eb negociatave.<\/p>\n<p>\u201cBE do t\u00eb deklaroj\u00eb gatishm\u00ebrin\u00eb e saj p\u00ebr t\u00eb negociuar me Shqip\u00ebrin\u00eb p\u00ebr an\u00ebtar\u00ebsim. N\u00eb fund t\u00eb fundit, ato nuk do t\u00eb fillojn\u00eb p\u00ebr disa vite\u201d, mbyllet artikulli pesimist i tij.<\/p>\n<p>Shkrimi\/\u00a0<a href=\"https:\/\/www.maz-online.de\/Nachrichten\/Politik\/Beitrittsverhandlung-zur-EU-Groko-laesst-Albanien-zappeln?fbclid=IwAR00mMXB_W1Th55GR13R_nZtR63TkkqRNQUpFcg-pn2wEZttPOmoyCk_vnU\">https:\/\/www.maz-online.de\/Nachrichten\/Politik\/Beitrittsverhandlung-zur-EU-Groko-laesst-Albanien-zappeln?fbclid=IwAR00mMXB_W1Th55GR13R_nZtR63TkkqRNQUpFcg-pn2wEZttPOmoyCk_vnU<\/a><\/p>\n<p><img decoding=\"async\" src=\"https:\/\/www.syri.net\/uploads\/syri.net\/images\/2019\/September\/13\/auto_70580715_479722525915318_6603946881175257088_n1568379589.png\" alt=\"Image\" \/><\/p>\n<p>&nbsp;<\/p>\n","protected":false},"excerpt":{"rendered":"<p>Nd\u00ebrkoh\u00eb q\u00eb kryeministri i Shqip\u00ebris\u00eb, Edi Rama, u prit dit\u00ebn e sotme mjaft\u00eb ftoht\u00eb n\u00eb Bundestag dhe nga kancelarja Merkel, n\u00eb mediat e huaja kan\u00eb nisur analizat p\u00ebr fatin e negociatave mes BE-s\u00eb dhe Shqip\u00ebris\u00eb n\u00eb muajin tetor. K\u00ebshtu, Damir Fras, korrespondentit p\u00ebr pun\u00ebt europiane t\u00eb \u201cRrjetit Editorial Gjerman\u201d, n\u00ebp\u00ebrmjet nj\u00eb shkrimi t\u00eb publikuar mesdit\u00ebn [&hellip;]<\/p>\n","protected":false},"author":2013,"featured_media":106548,"comment_status":"open","ping_status":"closed","sticky":false,"template":"","format":"standard","meta":{"footnotes":""},"categories":[241,235],"tags":[],"class_list":{"0":"post-106546","1":"post","2":"type-post","3":"status-publish","4":"format-standard","5":"has-post-thumbnail","7":"category-aktualitet","8":"category-vendi"},"_links":{"self":[{"href":"https:\/\/zjarr.tv\/sq\/wp-json\/wp\/v2\/posts\/106546","targetHints":{"allow":["GET"]}}],"collection":[{"href":"https:\/\/zjarr.tv\/sq\/wp-json\/wp\/v2\/posts"}],"about":[{"href":"https:\/\/zjarr.tv\/sq\/wp-json\/wp\/v2\/types\/post"}],"author":[{"embeddable":true,"href":"https:\/\/zjarr.tv\/sq\/wp-json\/wp\/v2\/users\/2013"}],"replies":[{"embeddable":true,"href":"https:\/\/zjarr.tv\/sq\/wp-json\/wp\/v2\/comments?post=106546"}],"version-history":[{"count":0,"href":"https:\/\/zjarr.tv\/sq\/wp-json\/wp\/v2\/posts\/106546\/revisions"}],"wp:featuredmedia":[{"embeddable":true,"href":"https:\/\/zjarr.tv\/sq\/wp-json\/wp\/v2\/media\/106548"}],"wp:attachment":[{"href":"https:\/\/zjarr.tv\/sq\/wp-json\/wp\/v2\/media?parent=106546"}],"wp:term":[{"taxonomy":"category","embeddable":true,"href":"https:\/\/zjarr.tv\/sq\/wp-json\/wp\/v2\/categories?post=106546"},{"taxonomy":"post_tag","embeddable":true,"href":"https:\/\/zjarr.tv\/sq\/wp-json\/wp\/v2\/tags?post=106546"}],"curies":[{"name":"wp","href":"https:\/\/api.w.org\/{rel}","templated":true}]}}